{"id":19121,"date":"2018-05-21T10:00:30","date_gmt":"2018-05-21T13:00:30","guid":{"rendered":"http:\/\/www.yungayino.cl\/noticias\/?p=19121"},"modified":"2018-05-22T12:07:40","modified_gmt":"2018-05-22T15:07:40","slug":"acto-y-desfile-en-conmemoracion-de-las-glorias-navales-en-yungay","status":"publish","type":"post","link":"https:\/\/www.yungayino.cl\/noticias\/?p=19121","title":{"rendered":"Acto y Desfile en Conmemoraci\u00f3n de las Glorias Navales en Yungay"},"content":{"rendered":"<p><img loading=\"lazy\" decoding=\"async\" class=\"alignnone size-full wp-image-19122\" src=\"http:\/\/www.yungayino.cl\/noticias\/wp-content\/uploads\/2018\/05\/acto_21_mayo_2018.jpg\" alt=\"\" width=\"700\" height=\"376\" srcset=\"https:\/\/www.yungayino.cl\/noticias\/wp-content\/uploads\/2018\/05\/acto_21_mayo_2018.jpg 700w, https:\/\/www.yungayino.cl\/noticias\/wp-content\/uploads\/2018\/05\/acto_21_mayo_2018-300x161.jpg 300w, https:\/\/www.yungayino.cl\/noticias\/wp-content\/uploads\/2018\/05\/acto_21_mayo_2018-279x150.jpg 279w\" sizes=\"auto, (max-width: 700px) 100vw, 700px\" \/><\/p>\n<p style=\"text-align: justify;\">Yungay, lunes 21 de mayo 2018: El pasado viernes 18 de mayo se desarroll\u00f3 el acto y desfile en honor a las Glorias Navales en la comuna de Yungay, ceremonia que convoc\u00f3 a delegaciones de establecimientos de la comuna, quienes junto a las autoridades locales y una secci\u00f3n de la Base Naval de Talcahuano participaron de la conmemoraci\u00f3n, de forma anticipada, del Combate Naval de Iquique, ocurrido el 21 de mayo de 1879, donde muri\u00f3 el capit\u00e1n de fragata Arturo Prat Chac\u00f3n, junto a toda la plana mayor de la corbeta Esmeralda, la cual fue hundida en combate por el monitor peruano Hu\u00e1scar.<\/p>\n<p style=\"text-align: justify;\"><iframe loading=\"lazy\" style=\"border: none; overflow: hidden;\" src=\"https:\/\/www.facebook.com\/plugins\/post.php?href=https:\/\/www.facebook.com\/media\/set\/?set=a.2087783791236649.1073743263.159561284058919&amp;type=1&amp;l=db8c02b27e&amp;l=a77e327dc6&amp;l=f5951f1994&amp;l=bfecbb8adf&amp;l=687b6bf5da&amp;width=500&amp;show_text=true&amp;height=691&amp;appId\" width=\"500\" height=\"691\" frameborder=\"0\" scrolling=\"no\"><\/iframe><\/p>\n<p style=\"text-align: justify;\">El acto c\u00edvico y desfile se realiz\u00f3 frente a la plaza de nuestra comuna, donde se ubica el edificio del liceo, lugar que sit\u00faa tambi\u00e9n el busto del capit\u00e1n Arturo Prat y, donde las autoridades depositaron una ofrenda floral.<\/p>\n<p style=\"text-align: justify;\">El Teniente 1\u00ba de la Armada, Francisco Solari, finalizado el desfile, el que tuvo presente con una secci\u00f3n de la Base Naval de Talcahuano, expres\u00f3 \u201cpara nosotros es un orgullo estar representando a la Armada en la comuna de Yungay\u201c, a su vez hizo un llamado a los j\u00f3venes para que puedan postular a la Escuela de Grumetes o Escuela Naval para que sean parte de nuestra instituci\u00f3n.<\/p>\n<p style=\"text-align: justify;\">El acto en conmemoraci\u00f3n del Combate Naval de Iquique finaliz\u00f3 con el tradicional paso de las delegaciones de establecimientos educacionales a los sones de la Banda de Guerra Escolar de Yungay.<\/p>\n<p style=\"text-align: justify;\">[su_button url=\u00bbhttps:\/\/www.facebook.com\/media\/set\/?set=a.2087783791236649.1073743263.159561284058919&amp;type=1&amp;l=db8c02b27e\u00bb target=\u00bbblank\u00bb size=\u00bb7&#8243; radius=\u00bbround\u00bb icon=\u00bbicon: facebook-square\u00bb]FOTOGRAF\u00cdAS &#8211; Acto y Desfile en Conmemoraci\u00f3n de las Glorias Navales en Yungay[\/su_button]<\/p>\n","protected":false},"excerpt":{"rendered":"<p>Yungay, lunes 21 de mayo 2018: El pasado viernes 18 de mayo se desarroll\u00f3 el acto y desfile en honor a las Glorias Navales en la comuna de Yungay, ceremonia que convoc\u00f3 a delegaciones&#46;&#46;&#46;<\/p>\n","protected":false},"author":2,"featured_media":19122,"comment_status":"closed","ping_status":"open","sticky":false,"template":"","format":"standard","meta":{"footnotes":""},"categories":[1],"tags":[900,89,8,6,117],"class_list":["post-19121","post","type-post","status-publish","format-standard","has-post-thumbnail","hentry","category-noticias","tag-21-de-mayo","tag-liceo-yungay","tag-yungay","tag-yungayino","tag-yungayinocl"],"_links":{"self":[{"href":"https:\/\/www.yungayino.cl\/noticias\/index.php?rest_route=\/wp\/v2\/posts\/19121","targetHints":{"allow":["GET"]}}],"collection":[{"href":"https:\/\/www.yungayino.cl\/noticias\/index.php?rest_route=\/wp\/v2\/posts"}],"about":[{"href":"https:\/\/www.yungayino.cl\/noticias\/index.php?rest_route=\/wp\/v2\/types\/post"}],"author":[{"embeddable":true,"href":"https:\/\/www.yungayino.cl\/noticias\/index.php?rest_route=\/wp\/v2\/users\/2"}],"replies":[{"embeddable":true,"href":"https:\/\/www.yungayino.cl\/noticias\/index.php?rest_route=%2Fwp%2Fv2%2Fcomments&post=19121"}],"version-history":[{"count":4,"href":"https:\/\/www.yungayino.cl\/noticias\/index.php?rest_route=\/wp\/v2\/posts\/19121\/revisions"}],"predecessor-version":[{"id":19126,"href":"https:\/\/www.yungayino.cl\/noticias\/index.php?rest_route=\/wp\/v2\/posts\/19121\/revisions\/19126"}],"wp:featuredmedia":[{"embeddable":true,"href":"https:\/\/www.yungayino.cl\/noticias\/index.php?rest_route=\/wp\/v2\/media\/19122"}],"wp:attachment":[{"href":"https:\/\/www.yungayino.cl\/noticias\/index.php?rest_route=%2Fwp%2Fv2%2Fmedia&parent=19121"}],"wp:term":[{"taxonomy":"category","embeddable":true,"href":"https:\/\/www.yungayino.cl\/noticias\/index.php?rest_route=%2Fwp%2Fv2%2Fcategories&post=19121"},{"taxonomy":"post_tag","embeddable":true,"href":"https:\/\/www.yungayino.cl\/noticias\/index.php?rest_route=%2Fwp%2Fv2%2Ftags&post=19121"}],"curies":[{"name":"wp","href":"https:\/\/api.w.org\/{rel}","templated":true}]}}