{"id":19131,"date":"2018-05-24T10:00:27","date_gmt":"2018-05-24T13:00:27","guid":{"rendered":"http:\/\/www.yungayino.cl\/noticias\/?p=19131"},"modified":"2018-05-24T15:56:16","modified_gmt":"2018-05-24T18:56:16","slug":"asume-el-nuevo-director-del-servicio-de-salud-de-nuble","status":"publish","type":"post","link":"https:\/\/www.yungayino.cl\/noticias\/?p=19131","title":{"rendered":"Asume el Nuevo Director Del Servicio De Salud de \u00d1uble"},"content":{"rendered":"<p><img loading=\"lazy\" decoding=\"async\" class=\"alignnone size-full wp-image-19132\" src=\"http:\/\/www.yungayino.cl\/noticias\/wp-content\/uploads\/2018\/05\/nuevo_director_salud_nuble.jpg\" alt=\"\" width=\"700\" height=\"350\" srcset=\"https:\/\/www.yungayino.cl\/noticias\/wp-content\/uploads\/2018\/05\/nuevo_director_salud_nuble.jpg 700w, https:\/\/www.yungayino.cl\/noticias\/wp-content\/uploads\/2018\/05\/nuevo_director_salud_nuble-300x150.jpg 300w\" sizes=\"auto, (max-width: 700px) 100vw, 700px\" \/><\/p>\n<p style=\"text-align: justify;\">Yungay, jueves 24 de mayo 2018: El ingeniero Ricardo S\u00e1nchez Opazo, asumi\u00f3 el pasado martes 22 como Director (s) del Servicio de Salud \u00d1uble en una ceremonia que cont\u00f3 con la participaci\u00f3n de la Gobernadora de \u00d1uble, Paola Becker, y de los funcionarios y funcionarias de la instituci\u00f3n.<\/p>\n<p style=\"text-align: justify;\">En la ocasi\u00f3n el saliente director, Iv\u00e1n Paul, quien encabez\u00f3 la repartici\u00f3n p\u00fablica durante los \u00faltimos cuatro a\u00f1os, firm\u00f3 el acta de traspaso y entreg\u00f3 a la nueva autoridad los antecedentes que permiten mostrar la situaci\u00f3n presupuestaria y contable, adem\u00e1s del funcionamiento administrativo de la direcci\u00f3n.<\/p>\n<p style=\"text-align: justify;\"><iframe loading=\"lazy\" style=\"border: none; overflow: hidden;\" src=\"https:\/\/www.facebook.com\/plugins\/post.php?href=https:\/\/www.facebook.com\/media\/set\/?set=a.2090008307680864.1073743266.159561284058919&amp;type=1&amp;l=96aa7ebc2e&amp;l=a77e327dc6&amp;l=f5951f1994&amp;l=bfecbb8adf&amp;l=687b6bf5da&amp;width=500&amp;show_text=true&amp;height=691&amp;appId\" width=\"500\" height=\"691\" frameborder=\"0\" scrolling=\"no\"><\/iframe><\/p>\n<p style=\"text-align: justify;\">El nuevo director de salud agradeci\u00f3 la presencia de los funcionarios, indicando que \u201cel Presidente Sebasti\u00e1n Pi\u00f1era ha establecido la salud como una prioridad para su Gobierno. El actual sistema muestra avances, pero tambi\u00e9n grandes desaf\u00edos que requieren ser abordados con sentido de urgencia y realismo, respondiendo de esta manera uno de los anhelos m\u00e1s sentidos por la ciudadan\u00eda\u201d.<\/p>\n<p style=\"text-align: justify;\">A su vez, a\u00f1adi\u00f3 que \u201ccumplir con este compromiso no es s\u00f3lo tarea de quienes lideramos las instituciones, sino de todas y todos los funcionarios que la integran; el alma de cada establecimiento est\u00e1 compuesta por hombres y mujeres comprometidas y con gran vocaci\u00f3n de servicio. Por eso, el primer llamado que hago es a trabajar con respeto, profesionalismo y el compromiso que siempre han demostrado\u201d.<\/p>\n<p style=\"text-align: justify;\">\u201cPor este motivo, debemos concentrar nuestra energ\u00eda en fortalecer la Red Asistencial en todos sus niveles, continuando con la reducci\u00f3n en el d\u00e9ficit de m\u00e9dicos especialistas y un mayor desarrollo de la infraestructura, lo que junto al redise\u00f1o de los procesos de atenci\u00f3n, nos permitan acercar cada vez m\u00e1s la salud a las personas; desaf\u00edo donde se incluye el contar en el menor tiempo posible y con un nuevo Hospital para las familias de \u00d1uble, m\u00e1s resolutivo y al servicio de todos los habitantes de nuestra Regi\u00f3n\u201d, finaliz\u00f3 S\u00e1nchez.<\/p>\n<p style=\"text-align: justify;\">Por su parte, el ex directivo Iv\u00e1n Paul Espinoza, agradeci\u00f3 al personal el apoyo brindando durante su gesti\u00f3n, se\u00f1alando que \u201cning\u00fan logro en la red de salud p\u00fablica ser\u00eda realidad sin su energ\u00eda y talento; los llamo a renovar ese compromiso para continuar trabajando, en esta nueva etapa de vida institucional, con el mismo profesionalismo y convicci\u00f3n para acercar la salud a las familias de la Regi\u00f3n de \u00d1uble y para hacer de la salud un derecho y as\u00ed construir una sociedad m\u00e1s justa y equitativa\u201d.<\/p>\n<p style=\"text-align: justify;\">La Gobernadora de \u00d1uble, Paola Becker, afirm\u00f3 que \u201cm\u00e1s que palabras de bienvenida, tambi\u00e9n debo agradecer hoy\u00a0 la gesti\u00f3n de Iv\u00e1n Paul, que por a\u00f1os estuvo a cargo de la direcci\u00f3n del Servicio de Salud \u00d1uble, yo s\u00e9 que muchos de ustedes tienen\u00a0 hoy sentimientos encontrados, sentimientos de amistad de cari\u00f1o, de empat\u00eda con su Director y eso se agradece, tambi\u00e9n no es com\u00fan que hagan un acto republicano de entrega formal y eso es muy positivo porque no todos los organismos p\u00fablicos tienen esta forma de trabajar, en el fondo ustedes est\u00e1n privilegiando el servicio p\u00fablico por sobre cualquier otra consideraci\u00f3n y eso es positivo y valorable\u201d.<\/p>\n<p style=\"text-align: justify;\"><strong>Trayectoria laboral y formaci\u00f3n profesional <\/strong><\/p>\n<p style=\"text-align: justify;\">El nuevo director (s) del Servicio de Salud \u00d1uble es Ingeniero de la Academia Polit\u00e9cnica Militar del Ej\u00e9rcito de Chile. Tiene estudios de posgrado en gerencia y direcci\u00f3n de instituciones de salud; gesti\u00f3n de recursos humanos y habilidades directivas.<\/p>\n<p style=\"text-align: justify;\">Su experiencia laboral incluye: las \u00e1reas administrativas, de personal, gesti\u00f3n en salud; en el \u00e1rea inform\u00e1tica y gesti\u00f3n de proyectos.<\/p>\n<p style=\"text-align: justify;\">Tambi\u00e9n destaca su participaci\u00f3n, entre 2007 y 2008, en la Misi\u00f3n de Paz en Hait\u00ed, de la Organizaci\u00f3n de Naciones Unidas.<\/p>\n<p style=\"text-align: justify;\">Entre 2008 y 2011, en el Hospital Militar, estuvo a cargo de la Direcci\u00f3n de Ingenier\u00eda y del Proyecto de Sistema de Informaci\u00f3n Hospitalaria, y tambi\u00e9n de la recepci\u00f3n y puesta en marcha del nuevo centro hospitalario del Ej\u00e9rcito, inaugurado en 2009.<\/p>\n<p style=\"text-align: justify;\">Entre 2011 y 2012 desempe\u00f1\u00f3 distintas jefaturas en el Comando de Salud del Ej\u00e9rcito.<\/p>\n<p style=\"text-align: justify;\">Desde julio de 2012 a la fecha, ejerci\u00f3 el cargo de Subdirector de Recursos F\u00edsicos y Financieros del Hospital Cl\u00ednico Herminda Mart\u00edn de Chill\u00e1n.<\/p>\n<p style=\"text-align: justify;\">[su_button url=\u00bbhttps:\/\/www.facebook.com\/media\/set\/?set=a.2090008307680864.1073743266.159561284058919&amp;type=1&amp;l=96aa7ebc2e\u00bb target=\u00bbblank\u00bb size=\u00bb7&#8243; radius=\u00bbround\u00bb icon=\u00bbicon: facebook-square\u00bb]FOTOGRAF\u00cdAS &#8211; Asume el Nuevo Director Del Servicio De Salud de \u00d1uble[\/su_button]<\/p>\n","protected":false},"excerpt":{"rendered":"<p>Yungay, jueves 24 de mayo 2018: El ingeniero Ricardo S\u00e1nchez Opazo, asumi\u00f3 el pasado martes 22 como Director (s) del Servicio de Salud \u00d1uble en una ceremonia que cont\u00f3 con la participaci\u00f3n de la&#46;&#46;&#46;<\/p>\n","protected":false},"author":2,"featured_media":19132,"comment_status":"closed","ping_status":"open","sticky":false,"template":"","format":"standard","meta":{"footnotes":""},"categories":[1],"tags":[1700,1115,65,1665,8,6,117],"class_list":["post-19131","post","type-post","status-publish","format-standard","has-post-thumbnail","hentry","category-noticias","tag-director","tag-noticias","tag-salud","tag-servicio-salud-nuble","tag-yungay","tag-yungayino","tag-yungayinocl"],"_links":{"self":[{"href":"https:\/\/www.yungayino.cl\/noticias\/index.php?rest_route=\/wp\/v2\/posts\/19131","targetHints":{"allow":["GET"]}}],"collection":[{"href":"https:\/\/www.yungayino.cl\/noticias\/index.php?rest_route=\/wp\/v2\/posts"}],"about":[{"href":"https:\/\/www.yungayino.cl\/noticias\/index.php?rest_route=\/wp\/v2\/types\/post"}],"author":[{"embeddable":true,"href":"https:\/\/www.yungayino.cl\/noticias\/index.php?rest_route=\/wp\/v2\/users\/2"}],"replies":[{"embeddable":true,"href":"https:\/\/www.yungayino.cl\/noticias\/index.php?rest_route=%2Fwp%2Fv2%2Fcomments&post=19131"}],"version-history":[{"count":4,"href":"https:\/\/www.yungayino.cl\/noticias\/index.php?rest_route=\/wp\/v2\/posts\/19131\/revisions"}],"predecessor-version":[{"id":19136,"href":"https:\/\/www.yungayino.cl\/noticias\/index.php?rest_route=\/wp\/v2\/posts\/19131\/revisions\/19136"}],"wp:featuredmedia":[{"embeddable":true,"href":"https:\/\/www.yungayino.cl\/noticias\/index.php?rest_route=\/wp\/v2\/media\/19132"}],"wp:attachment":[{"href":"https:\/\/www.yungayino.cl\/noticias\/index.php?rest_route=%2Fwp%2Fv2%2Fmedia&parent=19131"}],"wp:term":[{"taxonomy":"category","embeddable":true,"href":"https:\/\/www.yungayino.cl\/noticias\/index.php?rest_route=%2Fwp%2Fv2%2Fcategories&post=19131"},{"taxonomy":"post_tag","embeddable":true,"href":"https:\/\/www.yungayino.cl\/noticias\/index.php?rest_route=%2Fwp%2Fv2%2Ftags&post=19131"}],"curies":[{"name":"wp","href":"https:\/\/api.w.org\/{rel}","templated":true}]}}