{"id":19137,"date":"2018-05-24T16:07:38","date_gmt":"2018-05-24T19:07:38","guid":{"rendered":"http:\/\/www.yungayino.cl\/noticias\/?p=19137"},"modified":"2018-05-24T16:07:38","modified_gmt":"2018-05-24T19:07:38","slug":"grupo-folclorico-mapuketran-de-yungay-lanza-primera-produccion-musical","status":"publish","type":"post","link":"https:\/\/www.yungayino.cl\/noticias\/?p=19137","title":{"rendered":"Grupo Folcl\u00f3rico \u201cMapuketr\u00e1n\u201d de Yungay Lanza Primera Producci\u00f3n Musical"},"content":{"rendered":"<p><img loading=\"lazy\" decoding=\"async\" class=\"alignnone size-full wp-image-19138\" src=\"http:\/\/www.yungayino.cl\/noticias\/wp-content\/uploads\/2018\/05\/mapuketran_yungay.jpg\" alt=\"\" width=\"700\" height=\"350\" srcset=\"https:\/\/www.yungayino.cl\/noticias\/wp-content\/uploads\/2018\/05\/mapuketran_yungay.jpg 700w, https:\/\/www.yungayino.cl\/noticias\/wp-content\/uploads\/2018\/05\/mapuketran_yungay-300x150.jpg 300w\" sizes=\"auto, (max-width: 700px) 100vw, 700px\" \/><\/p>\n<p style=\"text-align: justify;\">Yungay, jueves 24 de mayo 2018: En una concurrida ceremonia realizada en las dependencias de la Biblioteca Oreste Montero el pasado viernes 18 de mayo a las 19:30 horas, el Grupo Folcl\u00f3rico <strong>\u201cMapuketr\u00e1n\u201d <\/strong>realiz\u00f3 el lanzamiento de su primera producci\u00f3n musical (CD) denominada <strong>\u201cCon Arpa, Guitarra y Piano\u201d.<\/strong><\/p>\n<p style=\"text-align: justify;\"><iframe loading=\"lazy\" style=\"border: none; overflow: hidden;\" src=\"https:\/\/www.facebook.com\/plugins\/post.php?href=https:\/\/www.facebook.com\/media\/set\/?set=a.2090015191013509.1073743267.159561284058919&amp;type=1&amp;l=a0cfa045f0&amp;l=a77e327dc6&amp;l=f5951f1994&amp;l=bfecbb8adf&amp;l=687b6bf5da&amp;width=500&amp;show_text=true&amp;height=691&amp;appId\" width=\"500\" height=\"691\" frameborder=\"0\" scrolling=\"no\"><\/iframe><\/p>\n<p style=\"text-align: justify;\">Se\u00f1alar que el Conjunto Folcl\u00f3rico <strong>\u201cMapuketr\u00e1n\u201d<\/strong> naci\u00f3 en la ciudad de Yungay, en agosto de 1999, desde entonces ha desarrollado un constante trabajo para mantener su identidad folcl\u00f3rica a trav\u00e9s de la danza y la m\u00fasica y en la actualidad la integra 28 personas cuyo presidente es Juan Inostroza Inostroza.<\/p>\n<p style=\"text-align: justify;\">La actividad cont\u00f3 con la asistencia de autoridades de la comuna, representantes de diferentes grupos folcl\u00f3ricos, ex integrantes, medios de comunicaci\u00f3n y p\u00fablico en general, quienes aplaudieron y felicitaron al grupo por esta primera producci\u00f3n musical.<\/p>\n<p style=\"text-align: justify;\">Sr. Juan Inostroza y Sr. Walter Arriagada se\u00f1alaron al Equipo del Portal Yungayinos.cl, sus agradecimientos a toda la comunidad por el apoyo en esta primera producci\u00f3n musical, la cual fue posible gracias al financiamiento del 2%\u00a0 FNDR, de Cultura del Gobierno Regional, tambi\u00e9n indicaron que este CD contienes 10 temas de los cuales hay 3 temas in\u00e9ditos compuestos por integrantes del grupo.<\/p>\n<p style=\"text-align: justify;\">[su_button url=\u00bbhttps:\/\/www.facebook.com\/media\/set\/?set=a.2090015191013509.1073743267.159561284058919&amp;type=1&amp;l=a0cfa045f0&#8243; target=\u00bbblank\u00bb size=\u00bb7&#8243; radius=\u00bbround\u00bb icon=\u00bbicon: facebook-square\u00bb]FOTOGRAF\u00cdAS &#8211; Grupo Folcl\u00f3rico \u201cMapuketr\u00e1n\u201d de Yungay Lanza Primera Producci\u00f3n Musical[\/su_button]<\/p>\n","protected":false},"excerpt":{"rendered":"<p>Yungay, jueves 24 de mayo 2018: En una concurrida ceremonia realizada en las dependencias de la Biblioteca Oreste Montero el pasado viernes 18 de mayo a las 19:30 horas, el Grupo Folcl\u00f3rico \u201cMapuketr\u00e1n\u201d realiz\u00f3&#46;&#46;&#46;<\/p>\n","protected":false},"author":2,"featured_media":19138,"comment_status":"closed","ping_status":"open","sticky":false,"template":"","format":"standard","meta":{"footnotes":""},"categories":[1],"tags":[1725,1724,512,624,1682,1115,8,6,117],"class_list":["post-19137","post","type-post","status-publish","format-standard","has-post-thumbnail","hentry","category-noticias","tag-cd","tag-conjunto-folclorico","tag-folclor","tag-mapuketran","tag-musica","tag-noticias","tag-yungay","tag-yungayino","tag-yungayinocl"],"_links":{"self":[{"href":"https:\/\/www.yungayino.cl\/noticias\/index.php?rest_route=\/wp\/v2\/posts\/19137","targetHints":{"allow":["GET"]}}],"collection":[{"href":"https:\/\/www.yungayino.cl\/noticias\/index.php?rest_route=\/wp\/v2\/posts"}],"about":[{"href":"https:\/\/www.yungayino.cl\/noticias\/index.php?rest_route=\/wp\/v2\/types\/post"}],"author":[{"embeddable":true,"href":"https:\/\/www.yungayino.cl\/noticias\/index.php?rest_route=\/wp\/v2\/users\/2"}],"replies":[{"embeddable":true,"href":"https:\/\/www.yungayino.cl\/noticias\/index.php?rest_route=%2Fwp%2Fv2%2Fcomments&post=19137"}],"version-history":[{"count":2,"href":"https:\/\/www.yungayino.cl\/noticias\/index.php?rest_route=\/wp\/v2\/posts\/19137\/revisions"}],"predecessor-version":[{"id":19140,"href":"https:\/\/www.yungayino.cl\/noticias\/index.php?rest_route=\/wp\/v2\/posts\/19137\/revisions\/19140"}],"wp:featuredmedia":[{"embeddable":true,"href":"https:\/\/www.yungayino.cl\/noticias\/index.php?rest_route=\/wp\/v2\/media\/19138"}],"wp:attachment":[{"href":"https:\/\/www.yungayino.cl\/noticias\/index.php?rest_route=%2Fwp%2Fv2%2Fmedia&parent=19137"}],"wp:term":[{"taxonomy":"category","embeddable":true,"href":"https:\/\/www.yungayino.cl\/noticias\/index.php?rest_route=%2Fwp%2Fv2%2Fcategories&post=19137"},{"taxonomy":"post_tag","embeddable":true,"href":"https:\/\/www.yungayino.cl\/noticias\/index.php?rest_route=%2Fwp%2Fv2%2Ftags&post=19137"}],"curies":[{"name":"wp","href":"https:\/\/api.w.org\/{rel}","templated":true}]}}