{"id":19173,"date":"2018-06-03T13:00:13","date_gmt":"2018-06-03T16:00:13","guid":{"rendered":"http:\/\/www.yungayino.cl\/noticias\/?p=19173"},"modified":"2018-06-03T16:06:22","modified_gmt":"2018-06-03T19:06:22","slug":"nuevo-camion-recolector-llego-para-yungay","status":"publish","type":"post","link":"https:\/\/www.yungayino.cl\/noticias\/?p=19173","title":{"rendered":"Nuevo Cami\u00f3n Recolector Lleg\u00f3 Para Yungay"},"content":{"rendered":"<p><img loading=\"lazy\" decoding=\"async\" class=\"alignnone size-full wp-image-19174\" src=\"http:\/\/www.yungayino.cl\/noticias\/wp-content\/uploads\/2018\/06\/camion_recolector_2018.jpg\" alt=\"\" width=\"700\" height=\"350\" srcset=\"https:\/\/www.yungayino.cl\/noticias\/wp-content\/uploads\/2018\/06\/camion_recolector_2018.jpg 700w, https:\/\/www.yungayino.cl\/noticias\/wp-content\/uploads\/2018\/06\/camion_recolector_2018-300x150.jpg 300w\" sizes=\"auto, (max-width: 700px) 100vw, 700px\" \/><\/p>\n<p style=\"text-align: justify;\">Yungay, domingo 03 de junio 2018: Es de responsabilidad municipal velar por el cumplimiento del buen servicio de la recolecci\u00f3n de residuos domiciliarios en la comuna, y una falla mec\u00e1nica en uno de los camiones signific\u00f3 un gran impedimento en el normal funcionamiento del servicio, surgiendo el descontento de nuestras autoridades y tambi\u00e9n de toda la comunidad.<\/p>\n<p style=\"text-align: justify;\"><iframe loading=\"lazy\" style=\"border: none; overflow: hidden;\" src=\"https:\/\/www.facebook.com\/plugins\/post.php?href=https:\/\/www.facebook.com\/media\/set\/?set=a.2100777953270566.1073743274.159561284058919&amp;type=1&amp;l=90e3ae1b5f&amp;l=a77e327dc6&amp;l=f5951f1994&amp;l=bfecbb8adf&amp;l=687b6bf5da&amp;width=500&amp;show_text=true&amp;height=691&amp;appId\" width=\"500\" height=\"691\" frameborder=\"0\" scrolling=\"no\"><\/iframe><\/p>\n<p style=\"text-align: justify;\">Sin embargo, gracias a las gestiones realizadas por el alcalde, Sr. Rafael Cifuentes Rodr\u00edguez, y su Equipo Municipal, el pasado viernes, lleg\u00f3 un nuevo Cami\u00f3n Recolector a la comuna, despu\u00e9s que el Consejo Regional aprobara su reposici\u00f3n, cuyo costo asciende a $134.032.080 postulados a Fondos de la Circular 33 del Gobierno Regional del B\u00edo B\u00edo en diciembre de 2016.<\/p>\n<p style=\"text-align: justify;\">Finalmente destacar que el nuevo cami\u00f3n est\u00e1 equipado con una gran caja compactadora y alza contenedores, que contribuir\u00e1n a un mejor manejo y servicio de recolecci\u00f3n.<\/p>\n<p style=\"text-align: justify;\">[su_button url=\u00bbhttps:\/\/www.facebook.com\/media\/set\/?set=a.2100777953270566.1073743274.159561284058919&amp;type=1&amp;l=90e3ae1b5f\u00bb target=\u00bbblank\u00bb size=\u00bb7&#8243; radius=\u00bbround\u00bb icon=\u00bbicon: facebook-square\u00bb]FOTOGRAF\u00cdAS &#8211; Nuevo Cami\u00f3n Recolector Lleg\u00f3 Para Yungay[\/su_button]<\/p>\n","protected":false},"excerpt":{"rendered":"<p>Yungay, domingo 03 de junio 2018: Es de responsabilidad municipal velar por el cumplimiento del buen servicio de la recolecci\u00f3n de residuos domiciliarios en la comuna, y una falla mec\u00e1nica en uno de los&#46;&#46;&#46;<\/p>\n","protected":false},"author":2,"featured_media":19174,"comment_status":"closed","ping_status":"open","sticky":false,"template":"","format":"standard","meta":{"footnotes":""},"categories":[1],"tags":[1729,1115,8,6,117],"class_list":["post-19173","post","type-post","status-publish","format-standard","has-post-thumbnail","hentry","category-noticias","tag-camion-recolector","tag-noticias","tag-yungay","tag-yungayino","tag-yungayinocl"],"_links":{"self":[{"href":"https:\/\/www.yungayino.cl\/noticias\/index.php?rest_route=\/wp\/v2\/posts\/19173","targetHints":{"allow":["GET"]}}],"collection":[{"href":"https:\/\/www.yungayino.cl\/noticias\/index.php?rest_route=\/wp\/v2\/posts"}],"about":[{"href":"https:\/\/www.yungayino.cl\/noticias\/index.php?rest_route=\/wp\/v2\/types\/post"}],"author":[{"embeddable":true,"href":"https:\/\/www.yungayino.cl\/noticias\/index.php?rest_route=\/wp\/v2\/users\/2"}],"replies":[{"embeddable":true,"href":"https:\/\/www.yungayino.cl\/noticias\/index.php?rest_route=%2Fwp%2Fv2%2Fcomments&post=19173"}],"version-history":[{"count":2,"href":"https:\/\/www.yungayino.cl\/noticias\/index.php?rest_route=\/wp\/v2\/posts\/19173\/revisions"}],"predecessor-version":[{"id":19176,"href":"https:\/\/www.yungayino.cl\/noticias\/index.php?rest_route=\/wp\/v2\/posts\/19173\/revisions\/19176"}],"wp:featuredmedia":[{"embeddable":true,"href":"https:\/\/www.yungayino.cl\/noticias\/index.php?rest_route=\/wp\/v2\/media\/19174"}],"wp:attachment":[{"href":"https:\/\/www.yungayino.cl\/noticias\/index.php?rest_route=%2Fwp%2Fv2%2Fmedia&parent=19173"}],"wp:term":[{"taxonomy":"category","embeddable":true,"href":"https:\/\/www.yungayino.cl\/noticias\/index.php?rest_route=%2Fwp%2Fv2%2Fcategories&post=19173"},{"taxonomy":"post_tag","embeddable":true,"href":"https:\/\/www.yungayino.cl\/noticias\/index.php?rest_route=%2Fwp%2Fv2%2Ftags&post=19173"}],"curies":[{"name":"wp","href":"https:\/\/api.w.org\/{rel}","templated":true}]}}