{"id":19181,"date":"2018-06-05T10:00:09","date_gmt":"2018-06-05T13:00:09","guid":{"rendered":"http:\/\/www.yungayino.cl\/noticias\/?p=19181"},"modified":"2018-06-05T14:54:09","modified_gmt":"2018-06-05T17:54:09","slug":"programa-gobierno-en-terreno-trajo-22-servicios-a-la-comuna-de-yungay","status":"publish","type":"post","link":"https:\/\/www.yungayino.cl\/noticias\/?p=19181","title":{"rendered":"Programa Gobierno en Terreno Trajo 22 Servicios a la Comuna de Yungay"},"content":{"rendered":"<p><img loading=\"lazy\" decoding=\"async\" class=\"alignnone size-full wp-image-19182\" src=\"http:\/\/www.yungayino.cl\/noticias\/wp-content\/uploads\/2018\/06\/gobierno_en_terreno_201806.jpg\" alt=\"\" width=\"700\" height=\"350\" srcset=\"https:\/\/www.yungayino.cl\/noticias\/wp-content\/uploads\/2018\/06\/gobierno_en_terreno_201806.jpg 700w, https:\/\/www.yungayino.cl\/noticias\/wp-content\/uploads\/2018\/06\/gobierno_en_terreno_201806-300x150.jpg 300w\" sizes=\"auto, (max-width: 700px) 100vw, 700px\" \/><\/p>\n<p style=\"text-align: justify;\">Yungay, martes 05 de junio 2018: Durante la semana pasada Yungay fue la comuna elegida para recibir una nueva visita del \u201cGobierno en Terreno\u201d, ejecutado por la Gobernaci\u00f3n Provincial de \u00d1uble en coordinaci\u00f3n con la Municipalidad de Yungay, que busc\u00f3 acercar los numerosos servicios p\u00fablicos a disposici\u00f3n de los habitantes cuyas localidades muchas veces no cuentan con ellos en su comuna.<\/p>\n<p style=\"text-align: justify;\"><iframe loading=\"lazy\" style=\"border: none; overflow: hidden;\" src=\"https:\/\/www.facebook.com\/plugins\/post.php?href=https:\/\/www.facebook.com\/media\/set\/?set=a.2102876129727415.1073743276.159561284058919&amp;type=1&amp;l=36643cb2ef&amp;l=a77e327dc6&amp;l=f5951f1994&amp;l=bfecbb8adf&amp;l=687b6bf5da&amp;width=500&amp;show_text=true&amp;height=691&amp;appId\" width=\"500\" height=\"691\" frameborder=\"0\" scrolling=\"no\"><\/iframe><\/p>\n<p style=\"text-align: justify;\">La Gobernadora Sra. <strong>Paola Becker<\/strong> tambi\u00e9n se hizo parte de la actividad y destac\u00f3 que en ella se haya podido contar con una totalidad de 22 servicios desplegados en la Plaza de Yungay.<\/p>\n<p style=\"text-align: justify;\">\u201cLas actividades se centraron principalmente en la constituci\u00f3n del Gobierno en Terreno, llevamos 22 servicios p\u00fablicos requeridos por la propia comuna, trabajando en la atenci\u00f3n de p\u00fablico entre las 09:00 y las 14:00 horas, con una muy buena concurrencia de p\u00fablico, por lo que hacemos una evaluaci\u00f3n muy positiva\u201d dijo la Gobernadora.<\/p>\n<p style=\"text-align: justify;\">El alcalde de Yungay Sr. <strong>Rafael Cifuentes<\/strong>, tambi\u00e9n puso en valor el arribo del Gobierno en Terreno en su comuna, entendiendo adem\u00e1s que es una de las comunas m\u00e1s apartadas de \u00d1uble.<\/p>\n<p style=\"text-align: justify;\">\u201cEs una gran iniciativa donde las personas se pueden interiorizar de todos los servicios que tiene el Gobierno a nivel nacional, regional y provincial. Es un tremendo avance tambi\u00e9n el que contemos con la presencia de la Gobernadora Sra. Paola Becker y los servicios p\u00fablicos que est\u00e1n prestando atenci\u00f3n y resolviendo las inquietudes a la comunidad en sus distintos stands\u201d, agrego el Alcalde, esperando que se replique la visita en la ciudad y as\u00ed mantener tanto a los usuarios de las acciones y\u00a0 pol\u00edticas p\u00fablicas del pa\u00eds.<\/p>\n<p style=\"text-align: justify;\">Finalmente, la Gobernadora tambi\u00e9n resalt\u00f3 la oportunidad que tuvo de compartir con parte de la Uni\u00f3n Comunal de Adultos Mayores de Yungay, conocer los avances de la construcci\u00f3n de un Centro de Di\u00e1lisis liderado por el Rotary Yungay, dialogar con el equipo que lleva adelante el trabajo de la Oficina de Protecci\u00f3n de derechos de la Infancia (OPD), adem\u00e1s de conocer la entrega de semillas a agricultores de Yungay, Pemuco y Tucapel de parte de Indap Biob\u00edo y la Subsecretaria de Agricultura y el estreno de un cami\u00f3n recolector de basura para la Municipalidad de Yungay, financiado con recursos del Gobierno Regional.<\/p>\n<p style=\"text-align: justify;\">[su_button url=\u00bbhttps:\/\/www.facebook.com\/media\/set\/?set=a.2102876129727415.1073743276.159561284058919&amp;type=1&amp;l=36643cb2ef\u00bb target=\u00bbblank\u00bb size=\u00bb7&#8243; radius=\u00bbround\u00bb icon=\u00bbicon: facebook-square\u00bb]FOTOGRAF\u00cdAS &#8211; Programa Gobierno en Terreno Trajo 22 Servicios a la Comuna de Yungay[\/su_button]<\/p>\n","protected":false},"excerpt":{"rendered":"<p>Yungay, martes 05 de junio 2018: Durante la semana pasada Yungay fue la comuna elegida para recibir una nueva visita del \u201cGobierno en Terreno\u201d, ejecutado por la Gobernaci\u00f3n Provincial de \u00d1uble en coordinaci\u00f3n con&#46;&#46;&#46;<\/p>\n","protected":false},"author":2,"featured_media":19182,"comment_status":"closed","ping_status":"open","sticky":false,"template":"","format":"standard","meta":{"footnotes":""},"categories":[1],"tags":[437,1115,8,6,117],"class_list":["post-19181","post","type-post","status-publish","format-standard","has-post-thumbnail","hentry","category-noticias","tag-gobierno-en-terreno","tag-noticias","tag-yungay","tag-yungayino","tag-yungayinocl"],"_links":{"self":[{"href":"https:\/\/www.yungayino.cl\/noticias\/index.php?rest_route=\/wp\/v2\/posts\/19181","targetHints":{"allow":["GET"]}}],"collection":[{"href":"https:\/\/www.yungayino.cl\/noticias\/index.php?rest_route=\/wp\/v2\/posts"}],"about":[{"href":"https:\/\/www.yungayino.cl\/noticias\/index.php?rest_route=\/wp\/v2\/types\/post"}],"author":[{"embeddable":true,"href":"https:\/\/www.yungayino.cl\/noticias\/index.php?rest_route=\/wp\/v2\/users\/2"}],"replies":[{"embeddable":true,"href":"https:\/\/www.yungayino.cl\/noticias\/index.php?rest_route=%2Fwp%2Fv2%2Fcomments&post=19181"}],"version-history":[{"count":2,"href":"https:\/\/www.yungayino.cl\/noticias\/index.php?rest_route=\/wp\/v2\/posts\/19181\/revisions"}],"predecessor-version":[{"id":19184,"href":"https:\/\/www.yungayino.cl\/noticias\/index.php?rest_route=\/wp\/v2\/posts\/19181\/revisions\/19184"}],"wp:featuredmedia":[{"embeddable":true,"href":"https:\/\/www.yungayino.cl\/noticias\/index.php?rest_route=\/wp\/v2\/media\/19182"}],"wp:attachment":[{"href":"https:\/\/www.yungayino.cl\/noticias\/index.php?rest_route=%2Fwp%2Fv2%2Fmedia&parent=19181"}],"wp:term":[{"taxonomy":"category","embeddable":true,"href":"https:\/\/www.yungayino.cl\/noticias\/index.php?rest_route=%2Fwp%2Fv2%2Fcategories&post=19181"},{"taxonomy":"post_tag","embeddable":true,"href":"https:\/\/www.yungayino.cl\/noticias\/index.php?rest_route=%2Fwp%2Fv2%2Ftags&post=19181"}],"curies":[{"name":"wp","href":"https:\/\/api.w.org\/{rel}","templated":true}]}}