{"id":19185,"date":"2018-06-05T13:00:31","date_gmt":"2018-06-05T16:00:31","guid":{"rendered":"http:\/\/www.yungayino.cl\/noticias\/?p=19185"},"modified":"2018-06-05T15:05:39","modified_gmt":"2018-06-05T18:05:39","slug":"liceo-de-yungay-realizo-feria-vocacional-de-la-fuerzas-armadas-orden-y-seguridad","status":"publish","type":"post","link":"https:\/\/www.yungayino.cl\/noticias\/?p=19185","title":{"rendered":"Liceo de Yungay Realiz\u00f3 \u201cFeria Vocacional de la Fuerzas Armadas, Orden y Seguridad\u201d"},"content":{"rendered":"<p><img loading=\"lazy\" decoding=\"async\" class=\"alignnone size-full wp-image-19186\" src=\"http:\/\/www.yungayino.cl\/noticias\/wp-content\/uploads\/2018\/06\/feria_vocacional_liceo_201806.jpg\" alt=\"\" width=\"700\" height=\"350\" srcset=\"https:\/\/www.yungayino.cl\/noticias\/wp-content\/uploads\/2018\/06\/feria_vocacional_liceo_201806.jpg 700w, https:\/\/www.yungayino.cl\/noticias\/wp-content\/uploads\/2018\/06\/feria_vocacional_liceo_201806-300x150.jpg 300w\" sizes=\"auto, (max-width: 700px) 100vw, 700px\" \/><\/p>\n<p style=\"text-align: justify;\">Yungay, martes 05 de junio 2018: Ayer lunes 04 de junio se llev\u00f3 a cabo la \u201cFeria Vocacional de la Fuerzas Armadas, Orden y Seguridad\u201d organizada por el Liceo A-17 de Yungay, con el apoyo de la municipalidad.<\/p>\n<p style=\"text-align: justify;\"><iframe loading=\"lazy\" style=\"border: none; overflow: hidden;\" src=\"https:\/\/www.facebook.com\/plugins\/post.php?href=https:\/\/www.facebook.com\/media\/set\/?set=a.2102885403059821.1073743277.159561284058919&amp;type=1&amp;l=33ee201d7e&amp;l=a77e327dc6&amp;l=f5951f1994&amp;l=bfecbb8adf&amp;l=687b6bf5da&amp;width=500&amp;show_text=true&amp;height=691&amp;appId\" width=\"500\" height=\"691\" frameborder=\"0\" scrolling=\"no\"><\/iframe><\/p>\n<p style=\"text-align: justify;\">Desarrollada en las dependencias del Liceo Modular, la jornada cont\u00f3 con la participaci\u00f3n de instituciones pertenecientes a las Fuerzas Armadas, de Orden y Seguridad, evento que fue visitado por los alumnos de Tercero y Cuarto Medio, adem\u00e1s de delegaciones de otros colegios como Liceo de Campanario, Colegio Divina Pastora, Colegio Cholgu\u00e1n y Colegio Nueva Esperanza.<\/p>\n<p style=\"text-align: justify;\"><strong>Sr. Antonio Zepeda Novoa<\/strong>, Director del Liceo de Yungay destac\u00f3 esta Feria Vocacional, donde lo m\u00e1s importante es que los alumnos de tercer y cuarto a\u00f1o medio interesados en seguir una carrera de este tipo de vocaci\u00f3n pudieran recibir orientaci\u00f3n y reflexionar con antecedentes en manos, sobre el futuro a seguir una vez cumplido los estudios regulares y por sobre todo favorezca a tomar buenas decisiones en su futuro.<\/p>\n<p style=\"text-align: justify;\">El Director tambi\u00e9n destac\u00f3 la invitaci\u00f3n a otros colegios y su asistencia a participar lo que permite trabajar todos unidos en bien de los alumnos de la comuna, esperando que se sigan realizando en el futuro.<\/p>\n<p style=\"text-align: justify;\">Mencionar que la feria se extendi\u00f3 hasta las 14:00 horas, donde los diferentes cursos participaron tambi\u00e9n de 5 charlas dadas por Personal de la PDI, Carabineros, Armada, Ej\u00e9rcito y Aviaci\u00f3n.<\/p>\n<p style=\"text-align: justify;\">Finalmente mencionar que la feria cont\u00f3 tambi\u00e9n con la asistencia del alcalde Sr. Rafael Cifuentes, Concejales, la Presidenta del Centro General de Padres y Apoderados Sra. Isabel Fern\u00e1ndez, Profesores y Alumnos.<\/p>\n<p style=\"text-align: justify;\">[su_button url=\u00bbhttps:\/\/www.facebook.com\/media\/set\/?set=a.2102885403059821.1073743277.159561284058919&amp;type=1&amp;l=33ee201d7e\u00bb target=\u00bbblank\u00bb size=\u00bb7&#8243; radius=\u00bbround\u00bb icon=\u00bbicon: facebook-square\u00bb]FOTOGRAF\u00cdAS &#8211; Liceo de Yungay Realiz\u00f3 \u201cFeria Vocacional de la Fuerzas Armadas, Orden y Seguridad\u201d[\/su_button]<\/p>\n","protected":false},"excerpt":{"rendered":"<p>Yungay, martes 05 de junio 2018: Ayer lunes 04 de junio se llev\u00f3 a cabo la \u201cFeria Vocacional de la Fuerzas Armadas, Orden y Seguridad\u201d organizada por el Liceo A-17 de Yungay, con el&#46;&#46;&#46;<\/p>\n","protected":false},"author":2,"featured_media":19186,"comment_status":"closed","ping_status":"open","sticky":false,"template":"","format":"standard","meta":{"footnotes":""},"categories":[1],"tags":[366,1175,89,1115,8,6,117],"class_list":["post-19185","post","type-post","status-publish","format-standard","has-post-thumbnail","hentry","category-noticias","tag-educacion","tag-feria-vocacional","tag-liceo-yungay","tag-noticias","tag-yungay","tag-yungayino","tag-yungayinocl"],"_links":{"self":[{"href":"https:\/\/www.yungayino.cl\/noticias\/index.php?rest_route=\/wp\/v2\/posts\/19185","targetHints":{"allow":["GET"]}}],"collection":[{"href":"https:\/\/www.yungayino.cl\/noticias\/index.php?rest_route=\/wp\/v2\/posts"}],"about":[{"href":"https:\/\/www.yungayino.cl\/noticias\/index.php?rest_route=\/wp\/v2\/types\/post"}],"author":[{"embeddable":true,"href":"https:\/\/www.yungayino.cl\/noticias\/index.php?rest_route=\/wp\/v2\/users\/2"}],"replies":[{"embeddable":true,"href":"https:\/\/www.yungayino.cl\/noticias\/index.php?rest_route=%2Fwp%2Fv2%2Fcomments&post=19185"}],"version-history":[{"count":1,"href":"https:\/\/www.yungayino.cl\/noticias\/index.php?rest_route=\/wp\/v2\/posts\/19185\/revisions"}],"predecessor-version":[{"id":19187,"href":"https:\/\/www.yungayino.cl\/noticias\/index.php?rest_route=\/wp\/v2\/posts\/19185\/revisions\/19187"}],"wp:featuredmedia":[{"embeddable":true,"href":"https:\/\/www.yungayino.cl\/noticias\/index.php?rest_route=\/wp\/v2\/media\/19186"}],"wp:attachment":[{"href":"https:\/\/www.yungayino.cl\/noticias\/index.php?rest_route=%2Fwp%2Fv2%2Fmedia&parent=19185"}],"wp:term":[{"taxonomy":"category","embeddable":true,"href":"https:\/\/www.yungayino.cl\/noticias\/index.php?rest_route=%2Fwp%2Fv2%2Fcategories&post=19185"},{"taxonomy":"post_tag","embeddable":true,"href":"https:\/\/www.yungayino.cl\/noticias\/index.php?rest_route=%2Fwp%2Fv2%2Ftags&post=19185"}],"curies":[{"name":"wp","href":"https:\/\/api.w.org\/{rel}","templated":true}]}}