{"id":19239,"date":"2018-06-22T20:00:28","date_gmt":"2018-06-22T23:00:28","guid":{"rendered":"http:\/\/www.yungayino.cl\/noticias\/?p=19239"},"modified":"2018-06-22T23:26:36","modified_gmt":"2018-06-23T02:26:36","slug":"jardin-infantil-rayo-de-luna-de-yungay-realizo-reunion-informativa-de-su-proyecto-educativo-institucional-pei","status":"publish","type":"post","link":"https:\/\/www.yungayino.cl\/noticias\/?p=19239","title":{"rendered":"Jard\u00edn Infantil \u201cRayo de Luna\u201d de Yungay Realiz\u00f3 Reuni\u00f3n Informativa de su Proyecto Educativo Institucional (PEI)"},"content":{"rendered":"<p><img loading=\"lazy\" decoding=\"async\" class=\"alignnone size-full wp-image-19240\" src=\"http:\/\/www.yungayino.cl\/noticias\/wp-content\/uploads\/2018\/06\/integra_201806.jpg\" alt=\"\" width=\"700\" height=\"350\" srcset=\"https:\/\/www.yungayino.cl\/noticias\/wp-content\/uploads\/2018\/06\/integra_201806.jpg 700w, https:\/\/www.yungayino.cl\/noticias\/wp-content\/uploads\/2018\/06\/integra_201806-300x150.jpg 300w\" sizes=\"auto, (max-width: 700px) 100vw, 700px\" \/><\/p>\n<p style=\"text-align: justify;\">Yungay, viernes 22 de junio 2018: El Jard\u00edn Infantil \u201cRayo de Luna\u201d realiz\u00f3 en las dependencias de la Biblioteca P\u00fablica Oreste Montero la\u00a0 primera Mesa PEI, con el objetivo de actualizar los miembros y dar a conocer el Proyecto Educativo Institucional con sus diferentes etapas.<\/p>\n<p style=\"text-align: justify;\"><iframe loading=\"lazy\" style=\"border: none; overflow: hidden;\" src=\"https:\/\/www.facebook.com\/plugins\/post.php?href=https:\/\/www.facebook.com\/media\/set\/?set=a.2127084043973290.1073743288.159561284058919&amp;type=1&amp;l=dfdf1855ea&amp;l=a77e327dc6&amp;l=f5951f1994&amp;l=bfecbb8adf&amp;l=687b6bf5da&amp;width=500&amp;show_text=true&amp;height=691&amp;appId\" width=\"500\" height=\"691\" frameborder=\"0\" scrolling=\"no\"><\/iframe><\/p>\n<p style=\"text-align: justify;\">Sra. Yenny Cuiti\u00f1o O\u00f1ate, Directora del Jard\u00edn Infantil \u201cRayo de Luna\u201d, destac\u00f3 al Equipo del Portal Yungayino.cl que durante la jornada se hablaron diferentes puntos, donde se se\u00f1al\u00f3 lo siguiente:<\/p>\n<ul style=\"text-align: justify;\">\n<li><strong>Identidad<\/strong>, se rescat\u00f3 la historia del jard\u00edn infantil, y se lleg\u00f3 a la informaci\u00f3n que es el primer jard\u00edn de la comuna y el segundo m\u00e1s antiguo de la regi\u00f3n.<\/li>\n<li><strong>Diagnostico Participativo,<\/strong> los llev\u00f3 a crear el Sello Pedag\u00f3gico \u201cVivir el Buen Trato para Educar y ser Feliz\u201d.<\/li>\n<li><strong>Proyecto, <\/strong>curricular oferta pedag\u00f3gica.<\/li>\n<li><strong>Propuesta<\/strong> <strong>de Gesti\u00f3n<\/strong> planificaci\u00f3n anual del establecimiento, donde se plantearon metas y acciones a trabajar en los diferentes procesos de gesti\u00f3n pedag\u00f3gica, cobertura, personas, bienestar, familia y comunidad.<\/li>\n<li>Este Proyecto comienza el a\u00f1o 2015 y 2016 en su construcci\u00f3n y dura cuatro a\u00f1os desde el 2017 al 2020 el cual se eval\u00faa en forma anual.<\/li>\n<\/ul>\n<p style=\"text-align: justify;\">\u201cDestac\u00f3 como muy importante la participaci\u00f3n de la familia y las comunidades para llevar a cabo esta actividad PEI, ya que son actores relevantes en la educaci\u00f3n de nuestros ni\u00f1os ni\u00f1as\u201d mencion\u00f3 su Directora Sra. Yenny Cuiti\u00f1o O\u00f1ate.<\/p>\n<p style=\"text-align: justify;\">[su_button url=\u00bbhttps:\/\/www.facebook.com\/media\/set\/?set=a.2127084043973290.1073743288.159561284058919&amp;type=1&amp;l=dfdf1855ea\u00bb target=\u00bbblank\u00bb size=\u00bb7&#8243; radius=\u00bbround\u00bb icon=\u00bbicon: facebook-square\u00bb]FOTOGRAF\u00cdAS &#8211; Jard\u00edn Infantil \u201cRayo de Luna\u201d de Yungay Realiz\u00f3 Reuni\u00f3n Informativa de su Proyecto Educativo Institucional (PEI)[\/su_button]<\/p>\n","protected":false},"excerpt":{"rendered":"<p>Yungay, viernes 22 de junio 2018: El Jard\u00edn Infantil \u201cRayo de Luna\u201d realiz\u00f3 en las dependencias de la Biblioteca P\u00fablica Oreste Montero la\u00a0 primera Mesa PEI, con el objetivo de actualizar los miembros y&#46;&#46;&#46;<\/p>\n","protected":false},"author":2,"featured_media":19240,"comment_status":"closed","ping_status":"open","sticky":false,"template":"","format":"standard","meta":{"footnotes":""},"categories":[1],"tags":[362,1115,1435,8,6,117],"class_list":["post-19239","post","type-post","status-publish","format-standard","has-post-thumbnail","hentry","category-noticias","tag-jardin-infantil","tag-noticias","tag-rayo-de-luna","tag-yungay","tag-yungayino","tag-yungayinocl"],"_links":{"self":[{"href":"https:\/\/www.yungayino.cl\/noticias\/index.php?rest_route=\/wp\/v2\/posts\/19239","targetHints":{"allow":["GET"]}}],"collection":[{"href":"https:\/\/www.yungayino.cl\/noticias\/index.php?rest_route=\/wp\/v2\/posts"}],"about":[{"href":"https:\/\/www.yungayino.cl\/noticias\/index.php?rest_route=\/wp\/v2\/types\/post"}],"author":[{"embeddable":true,"href":"https:\/\/www.yungayino.cl\/noticias\/index.php?rest_route=\/wp\/v2\/users\/2"}],"replies":[{"embeddable":true,"href":"https:\/\/www.yungayino.cl\/noticias\/index.php?rest_route=%2Fwp%2Fv2%2Fcomments&post=19239"}],"version-history":[{"count":3,"href":"https:\/\/www.yungayino.cl\/noticias\/index.php?rest_route=\/wp\/v2\/posts\/19239\/revisions"}],"predecessor-version":[{"id":19243,"href":"https:\/\/www.yungayino.cl\/noticias\/index.php?rest_route=\/wp\/v2\/posts\/19239\/revisions\/19243"}],"wp:featuredmedia":[{"embeddable":true,"href":"https:\/\/www.yungayino.cl\/noticias\/index.php?rest_route=\/wp\/v2\/media\/19240"}],"wp:attachment":[{"href":"https:\/\/www.yungayino.cl\/noticias\/index.php?rest_route=%2Fwp%2Fv2%2Fmedia&parent=19239"}],"wp:term":[{"taxonomy":"category","embeddable":true,"href":"https:\/\/www.yungayino.cl\/noticias\/index.php?rest_route=%2Fwp%2Fv2%2Fcategories&post=19239"},{"taxonomy":"post_tag","embeddable":true,"href":"https:\/\/www.yungayino.cl\/noticias\/index.php?rest_route=%2Fwp%2Fv2%2Ftags&post=19239"}],"curies":[{"name":"wp","href":"https:\/\/api.w.org\/{rel}","templated":true}]}}