{"id":19275,"date":"2018-06-28T13:00:09","date_gmt":"2018-06-28T16:00:09","guid":{"rendered":"http:\/\/www.yungayino.cl\/noticias\/?p=19275"},"modified":"2018-06-28T14:34:49","modified_gmt":"2018-06-28T17:34:49","slug":"parque-nacional-laguna-del-laja-espera-alto-numero-de-visitantes-durante-este-invierno","status":"publish","type":"post","link":"https:\/\/www.yungayino.cl\/noticias\/?p=19275","title":{"rendered":"Parque Nacional Laguna del Laja Espera Alto N\u00famero de Visitantes Durante este Invierno"},"content":{"rendered":"<p><img loading=\"lazy\" decoding=\"async\" class=\"alignnone size-full wp-image-19276\" src=\"http:\/\/www.yungayino.cl\/noticias\/wp-content\/uploads\/2018\/06\/parque_laja_lanzamiento.jpg\" alt=\"\" width=\"700\" height=\"331\" srcset=\"https:\/\/www.yungayino.cl\/noticias\/wp-content\/uploads\/2018\/06\/parque_laja_lanzamiento.jpg 700w, https:\/\/www.yungayino.cl\/noticias\/wp-content\/uploads\/2018\/06\/parque_laja_lanzamiento-300x142.jpg 300w, https:\/\/www.yungayino.cl\/noticias\/wp-content\/uploads\/2018\/06\/parque_laja_lanzamiento-317x150.jpg 317w, https:\/\/www.yungayino.cl\/noticias\/wp-content\/uploads\/2018\/06\/parque_laja_lanzamiento-520x245.jpg 520w, https:\/\/www.yungayino.cl\/noticias\/wp-content\/uploads\/2018\/06\/parque_laja_lanzamiento-720x340.jpg 720w\" sizes=\"auto, (max-width: 700px) 100vw, 700px\" \/><\/p>\n<p style=\"text-align: justify;\">Regional, jueves 28 de junio 2018: El Consejo Consultivo del Parque Nacional Laguna del Laja, \u00e1rea silvestre protegida administrada por la Corporaci\u00f3n Nacional Forestal, CONAF, realizaron el lanzamiento y apertura de la temporada invernal el pasado d\u00eda mi\u00e9rcoles 20. En la oportunidad, CONAF y Carabineros presentaron la dotaci\u00f3n de apoyo que trabajar\u00e1 durante este per\u00edodo y cuyo objetivo es mejorar la atenci\u00f3n al visitante.<\/p>\n<p style=\"text-align: justify;\">La actividad estuvo encabezada por el Alcalde de Antuco, Sr. Miguel Abuter, y el Director Regional de CONAF, Sr. Juan Carlo Hinojosa, y participaron el comandante del Regimiento Los \u00c1ngeles, Coronel Sr. Miguel \u00c1ngel Navarrete, adem\u00e1s de Representantes de Vialidad, Sernatur, Club de Esqu\u00ed y Juntas de Vecinos del Sector de Abanico.<\/p>\n<p style=\"text-align: justify;\">En la oportunidad, el directivo de CONAF destac\u00f3 las coordinaciones interinstitucionales que se han permitido enfrentar mejor este invierno. \u201cEste plan de contingencia es fruto de un trabajo que se ha estado desarrollando con el consejo consultivo, a trav\u00e9s del cual se han establecido coordinaciones con Carabineros, Ej\u00e9rcito y el municipio, para trabajar de manera conjunta en esta \u00e9poca y as\u00ed poder atender de mejor manera a los visitantes que esperamos lleguen en gran cantidad\u201d, se\u00f1al\u00f3.<\/p>\n<p style=\"text-align: justify;\">Respecto al aumento en la dotaci\u00f3n de guarda parques, que considera cuatro nuevos profesionales y que se suman a los cinco permanentes, el directivo agreg\u00f3 que \u201ceste parque nacional aumenta su flujo de visitantes durante el invierno, es por ello que para esta temporada se han incorporado estos guarda parques los cuales ya se encuentran capacitados para recibir a los turistas que lleguen\u201d.<\/p>\n<p style=\"text-align: justify;\">Por su parte, el comisario de Santa B\u00e1rbara, capit\u00e1n Sr. Jorge Carrasco, inform\u00f3 que el n\u00famero de Carabineros que apoyar\u00e1 las labores en la comuna de Antuco, y en especial en el parque nacional, ser\u00e1 de seis efectivos, los que comenzar\u00e1n a funcionar a partir del jueves 21. \u201cLa idea es mejorar los servicios preventivos y es que sabemos que nuestra presencia es fundamental para evitar accidentes. Tendremos personal en el p\u00f3rtico de acceso a la unidad y en el sector El Polvor\u00edn, con la finalidad de controlar que los veh\u00edculos ingresen desde las 8:30 y hasta las 14:00 horas, para posteriormente solo veh\u00edculos desde El Polvor\u00edn hacia abajo en el descenso desde las 14:30, no pudiendo subir ning\u00fan veh\u00edculo fuera de los horarios informados\u201d, precis\u00f3.<\/p>\n<p style=\"text-align: justify;\">En tanto que el alcalde de Antuco invit\u00f3 a las familias de la regi\u00f3n a pasar sus vacaciones de invierno en la comuna: \u201cNos hemos estado preparando para prevenir eventuales situaciones complejas que pudiesen presentarse en el lugar, de modo que nuestros turistas tengan la seguridad de que cuando nos visiten se sientan realmente seguros, en el sentido del tr\u00e1nsito y su desplazamiento\u201d.<\/p>\n<p style=\"text-align: justify;\">Durante todo el invierno, CONAF estar\u00e1 entregando recomendaciones a los visitantes para disfrutar de la nieve de manera segura, as\u00ed como tambi\u00e9n el municipio instalar\u00e1 dentro de los pr\u00f3ximos d\u00edas dos letreros tipo led donde se informar\u00e1 permanentemente sobre el estado del camino y la capacidad de carga del Parque Nacional Laguna del Laja.<\/p>\n","protected":false},"excerpt":{"rendered":"<p>Regional, jueves 28 de junio 2018: El Consejo Consultivo del Parque Nacional Laguna del Laja, \u00e1rea silvestre protegida administrada por la Corporaci\u00f3n Nacional Forestal, CONAF, realizaron el lanzamiento y apertura de la temporada invernal&#46;&#46;&#46;<\/p>\n","protected":false},"author":2,"featured_media":19276,"comment_status":"closed","ping_status":"open","sticky":false,"template":"","format":"standard","meta":{"footnotes":""},"categories":[1],"tags":[1746,1115,1747,8,6,117],"class_list":["post-19275","post","type-post","status-publish","format-standard","has-post-thumbnail","hentry","category-noticias","tag-laguna-del-laja","tag-noticias","tag-parque-nacional","tag-yungay","tag-yungayino","tag-yungayinocl"],"_links":{"self":[{"href":"https:\/\/www.yungayino.cl\/noticias\/index.php?rest_route=\/wp\/v2\/posts\/19275","targetHints":{"allow":["GET"]}}],"collection":[{"href":"https:\/\/www.yungayino.cl\/noticias\/index.php?rest_route=\/wp\/v2\/posts"}],"about":[{"href":"https:\/\/www.yungayino.cl\/noticias\/index.php?rest_route=\/wp\/v2\/types\/post"}],"author":[{"embeddable":true,"href":"https:\/\/www.yungayino.cl\/noticias\/index.php?rest_route=\/wp\/v2\/users\/2"}],"replies":[{"embeddable":true,"href":"https:\/\/www.yungayino.cl\/noticias\/index.php?rest_route=%2Fwp%2Fv2%2Fcomments&post=19275"}],"version-history":[{"count":1,"href":"https:\/\/www.yungayino.cl\/noticias\/index.php?rest_route=\/wp\/v2\/posts\/19275\/revisions"}],"predecessor-version":[{"id":19277,"href":"https:\/\/www.yungayino.cl\/noticias\/index.php?rest_route=\/wp\/v2\/posts\/19275\/revisions\/19277"}],"wp:featuredmedia":[{"embeddable":true,"href":"https:\/\/www.yungayino.cl\/noticias\/index.php?rest_route=\/wp\/v2\/media\/19276"}],"wp:attachment":[{"href":"https:\/\/www.yungayino.cl\/noticias\/index.php?rest_route=%2Fwp%2Fv2%2Fmedia&parent=19275"}],"wp:term":[{"taxonomy":"category","embeddable":true,"href":"https:\/\/www.yungayino.cl\/noticias\/index.php?rest_route=%2Fwp%2Fv2%2Fcategories&post=19275"},{"taxonomy":"post_tag","embeddable":true,"href":"https:\/\/www.yungayino.cl\/noticias\/index.php?rest_route=%2Fwp%2Fv2%2Ftags&post=19275"}],"curies":[{"name":"wp","href":"https:\/\/api.w.org\/{rel}","templated":true}]}}