{"id":19278,"date":"2018-06-28T19:00:44","date_gmt":"2018-06-28T22:00:44","guid":{"rendered":"http:\/\/www.yungayino.cl\/noticias\/?p=19278"},"modified":"2018-06-28T20:43:10","modified_gmt":"2018-06-28T23:43:10","slug":"liceo-de-yungay-contara-con-movilizacion-para-alumnos-de-huepil-y-tucapel","status":"publish","type":"post","link":"https:\/\/www.yungayino.cl\/noticias\/?p=19278","title":{"rendered":"Liceo de Yungay Contar\u00e1 con Movilizaci\u00f3n para Alumnos de Huepil y Tucapel"},"content":{"rendered":"<p><img loading=\"lazy\" decoding=\"async\" class=\"alignnone size-full wp-image-19279\" src=\"http:\/\/www.yungayino.cl\/noticias\/wp-content\/uploads\/2018\/06\/director_liceo_yungay.jpg\" alt=\"\" width=\"700\" height=\"379\" srcset=\"https:\/\/www.yungayino.cl\/noticias\/wp-content\/uploads\/2018\/06\/director_liceo_yungay.jpg 700w, https:\/\/www.yungayino.cl\/noticias\/wp-content\/uploads\/2018\/06\/director_liceo_yungay-300x162.jpg 300w, https:\/\/www.yungayino.cl\/noticias\/wp-content\/uploads\/2018\/06\/director_liceo_yungay-277x150.jpg 277w\" sizes=\"auto, (max-width: 700px) 100vw, 700px\" \/><\/p>\n<p style=\"text-align: justify;\">Yungay, jueves 28 de junio 2018: La Direcci\u00f3n del Liceo de Yungay comunica antecedentes de la movilizaci\u00f3n para Huepil y Tucapel a partir del 3 de Julio del presente a\u00f1o.<\/p>\n<p style=\"text-align: justify;\"><strong>HORARIOS:<\/strong><br \/>\n&#8211; Inicio Tucapel 07:45 horas lunes a viernes.<br \/>\n&#8211; Pasando por Huepil 07:55 horas lunes a viernes.<br \/>\n&#8211; Horario de llegada aproximadamente al Liceo 08:15 a 08:20 horas.<br \/>\n&#8211; El regreso se har\u00eda despu\u00e9s de unos 5 minutos de la hora de salida indicada, desde el frontis del liceo cada d\u00eda.<\/p>\n<p style=\"text-align: justify;\"><strong>RECORRIDOS:<\/strong><br \/>\n&#8211; En Tucapel, inicia y termina en Avda. O\u2019Higgins esquina San Diego, por calle San Diego de ida y regreso.<br \/>\n&#8211; Tucapel camino Huepil ida y regreso.<br \/>\n&#8211; En Huepil, ingresa por Avda. Tucapel, sigue Avda. Rucamanqui hasta esquina Avda. linares, por Avda. Linares hasta calle Ecuador, por Ecuador sigue Avda. Yungay, ida y regreso.<br \/>\n&#8211; Camino Huepil Yungay ida y regreso.<br \/>\n&#8211; Los alumnos pueden esperar en todo paradero habilitado con su respectiva garita.<\/p>\n","protected":false},"excerpt":{"rendered":"<p>Yungay, jueves 28 de junio 2018: La Direcci\u00f3n del Liceo de Yungay comunica antecedentes de la movilizaci\u00f3n para Huepil y Tucapel a partir del 3 de Julio del presente a\u00f1o. HORARIOS: &#8211; Inicio Tucapel&#46;&#46;&#46;<\/p>\n","protected":false},"author":2,"featured_media":19279,"comment_status":"closed","ping_status":"open","sticky":false,"template":"","format":"standard","meta":{"footnotes":""},"categories":[1],"tags":[372,89,1748,1115,104,8,6,117],"class_list":["post-19278","post","type-post","status-publish","format-standard","has-post-thumbnail","hentry","category-noticias","tag-huepil","tag-liceo-yungay","tag-movilizacion","tag-noticias","tag-tucapel","tag-yungay","tag-yungayino","tag-yungayinocl"],"_links":{"self":[{"href":"https:\/\/www.yungayino.cl\/noticias\/index.php?rest_route=\/wp\/v2\/posts\/19278","targetHints":{"allow":["GET"]}}],"collection":[{"href":"https:\/\/www.yungayino.cl\/noticias\/index.php?rest_route=\/wp\/v2\/posts"}],"about":[{"href":"https:\/\/www.yungayino.cl\/noticias\/index.php?rest_route=\/wp\/v2\/types\/post"}],"author":[{"embeddable":true,"href":"https:\/\/www.yungayino.cl\/noticias\/index.php?rest_route=\/wp\/v2\/users\/2"}],"replies":[{"embeddable":true,"href":"https:\/\/www.yungayino.cl\/noticias\/index.php?rest_route=%2Fwp%2Fv2%2Fcomments&post=19278"}],"version-history":[{"count":2,"href":"https:\/\/www.yungayino.cl\/noticias\/index.php?rest_route=\/wp\/v2\/posts\/19278\/revisions"}],"predecessor-version":[{"id":19281,"href":"https:\/\/www.yungayino.cl\/noticias\/index.php?rest_route=\/wp\/v2\/posts\/19278\/revisions\/19281"}],"wp:featuredmedia":[{"embeddable":true,"href":"https:\/\/www.yungayino.cl\/noticias\/index.php?rest_route=\/wp\/v2\/media\/19279"}],"wp:attachment":[{"href":"https:\/\/www.yungayino.cl\/noticias\/index.php?rest_route=%2Fwp%2Fv2%2Fmedia&parent=19278"}],"wp:term":[{"taxonomy":"category","embeddable":true,"href":"https:\/\/www.yungayino.cl\/noticias\/index.php?rest_route=%2Fwp%2Fv2%2Fcategories&post=19278"},{"taxonomy":"post_tag","embeddable":true,"href":"https:\/\/www.yungayino.cl\/noticias\/index.php?rest_route=%2Fwp%2Fv2%2Ftags&post=19278"}],"curies":[{"name":"wp","href":"https:\/\/api.w.org\/{rel}","templated":true}]}}