{"id":19288,"date":"2018-06-30T18:00:01","date_gmt":"2018-06-30T21:00:01","guid":{"rendered":"http:\/\/www.yungayino.cl\/noticias\/?p=19288"},"modified":"2018-06-30T22:27:46","modified_gmt":"2018-07-01T01:27:46","slug":"ninos-del-jardin-infantil-y-sala-cuna-verde-amanecer-de-yungay-celebran-junto-a-sus-familias-el-ano-nuevo-mapuche","status":"publish","type":"post","link":"https:\/\/www.yungayino.cl\/noticias\/?p=19288","title":{"rendered":"Ni\u00f1os del Jard\u00edn Infantil y Sala Cuna \u201cVerde Amanecer\u201d de Yungay Celebran Junto a sus Familias el A\u00f1o Nuevo Mapuche"},"content":{"rendered":"<p><img loading=\"lazy\" decoding=\"async\" class=\"alignnone size-full wp-image-19289\" src=\"http:\/\/www.yungayino.cl\/noticias\/wp-content\/uploads\/2018\/06\/verde_amanecer_mapuche_2018.jpg\" alt=\"\" width=\"700\" height=\"350\" srcset=\"https:\/\/www.yungayino.cl\/noticias\/wp-content\/uploads\/2018\/06\/verde_amanecer_mapuche_2018.jpg 700w, https:\/\/www.yungayino.cl\/noticias\/wp-content\/uploads\/2018\/06\/verde_amanecer_mapuche_2018-300x150.jpg 300w\" sizes=\"auto, (max-width: 700px) 100vw, 700px\" \/><\/p>\n<p style=\"text-align: justify;\">Yungay, s\u00e1bado 30 de junio 2018: Con una sencilla pero simb\u00f3lica ceremonia los ni\u00f1os del Jard\u00edn Infantil y Sala Cuna \u201cVerde Amanecer\u201d pertenecientes a la Fundaci\u00f3n INTEGRA celebraron el tradicional <strong>We Tripantu<\/strong> o A\u00f1o Nuevo Mapuche junto\u00a0 a sus familias.<\/p>\n<p style=\"text-align: justify;\"><iframe loading=\"lazy\" style=\"border: none; overflow: hidden;\" src=\"https:\/\/www.facebook.com\/plugins\/post.php?href=https:\/\/www.facebook.com\/media\/set\/?set=a.2140385152643179.1073743297.159561284058919&amp;type=1&amp;l=ab68a7053a&amp;l=a77e327dc6&amp;l=f5951f1994&amp;l=bfecbb8adf&amp;l=687b6bf5da&amp;width=500&amp;show_text=true&amp;height=691&amp;appId\" width=\"500\" height=\"691\" frameborder=\"0\" scrolling=\"no\"><\/iframe><\/p>\n<p style=\"text-align: justify;\">Con la finalidad de mantener y rescatar las ra\u00edces y tradiciones del pueblo Mapuche desde la infancia, el pasado viernes 28 en el establecimiento educacional, los peque\u00f1os realizaron bailes con trajes t\u00edpicos en compa\u00f1\u00eda de sus t\u00edas del jard\u00edn.<\/p>\n<p style=\"text-align: justify;\"><strong>Sra. Marisol Castillo Osses<\/strong>, Directora del Jard\u00edn Infantil y Sala Cuna Verde Amanecer, se\u00f1alo al Equipo del Portal Yungayino.cl su alegr\u00eda y satisfacci\u00f3n por la hermosa celebraci\u00f3n para los ni\u00f1os(as), qui\u00e9nes disfrutaron y han participado activamente, adem\u00e1s agradeci\u00f3 el compromiso de los apoderados, mamitas y papitos en apoyar esta actividad.<\/p>\n<p style=\"text-align: justify;\">Finalmente todos los alumnos y familias asistentes al acto compartieron en torno a una mesa para compartir y degustar algunas comidas t\u00edpicas de la cultura antepasada.<\/p>\n<p style=\"text-align: justify;\">[su_button url=\u00bbhttps:\/\/www.facebook.com\/media\/set\/?set=a.2140385152643179.1073743297.159561284058919&amp;type=1&amp;l=ab68a7053a\u00bb target=\u00bbblank\u00bb size=\u00bb7&#8243; radius=\u00bbround\u00bb icon=\u00bbicon: facebook-square\u00bb]FOTOGRAF\u00cdAS &#8211; Ni\u00f1os del Jard\u00edn Infantil y Sala Cuna \u201cVerde Amanecer\u201d de Yungay Celebran Junto a sus Familias el A\u00f1o Nuevo Mapuche[\/su_button]<\/p>\n","protected":false},"excerpt":{"rendered":"<p>Yungay, s\u00e1bado 30 de junio 2018: Con una sencilla pero simb\u00f3lica ceremonia los ni\u00f1os del Jard\u00edn Infantil y Sala Cuna \u201cVerde Amanecer\u201d pertenecientes a la Fundaci\u00f3n INTEGRA celebraron el tradicional We Tripantu o A\u00f1o&#46;&#46;&#46;<\/p>\n","protected":false},"author":2,"featured_media":19289,"comment_status":"closed","ping_status":"open","sticky":false,"template":"","format":"standard","meta":{"footnotes":""},"categories":[1],"tags":[394,362,1115,271,8,6,117],"class_list":["post-19288","post","type-post","status-publish","format-standard","has-post-thumbnail","hentry","category-noticias","tag-ano-nuevo-mapuche","tag-jardin-infantil","tag-noticias","tag-verde-amanecer","tag-yungay","tag-yungayino","tag-yungayinocl"],"_links":{"self":[{"href":"https:\/\/www.yungayino.cl\/noticias\/index.php?rest_route=\/wp\/v2\/posts\/19288","targetHints":{"allow":["GET"]}}],"collection":[{"href":"https:\/\/www.yungayino.cl\/noticias\/index.php?rest_route=\/wp\/v2\/posts"}],"about":[{"href":"https:\/\/www.yungayino.cl\/noticias\/index.php?rest_route=\/wp\/v2\/types\/post"}],"author":[{"embeddable":true,"href":"https:\/\/www.yungayino.cl\/noticias\/index.php?rest_route=\/wp\/v2\/users\/2"}],"replies":[{"embeddable":true,"href":"https:\/\/www.yungayino.cl\/noticias\/index.php?rest_route=%2Fwp%2Fv2%2Fcomments&post=19288"}],"version-history":[{"count":2,"href":"https:\/\/www.yungayino.cl\/noticias\/index.php?rest_route=\/wp\/v2\/posts\/19288\/revisions"}],"predecessor-version":[{"id":19291,"href":"https:\/\/www.yungayino.cl\/noticias\/index.php?rest_route=\/wp\/v2\/posts\/19288\/revisions\/19291"}],"wp:featuredmedia":[{"embeddable":true,"href":"https:\/\/www.yungayino.cl\/noticias\/index.php?rest_route=\/wp\/v2\/media\/19289"}],"wp:attachment":[{"href":"https:\/\/www.yungayino.cl\/noticias\/index.php?rest_route=%2Fwp%2Fv2%2Fmedia&parent=19288"}],"wp:term":[{"taxonomy":"category","embeddable":true,"href":"https:\/\/www.yungayino.cl\/noticias\/index.php?rest_route=%2Fwp%2Fv2%2Fcategories&post=19288"},{"taxonomy":"post_tag","embeddable":true,"href":"https:\/\/www.yungayino.cl\/noticias\/index.php?rest_route=%2Fwp%2Fv2%2Ftags&post=19288"}],"curies":[{"name":"wp","href":"https:\/\/api.w.org\/{rel}","templated":true}]}}