{"id":1929,"date":"2009-09-12T13:00:39","date_gmt":"2009-09-12T17:00:39","guid":{"rendered":"http:\/\/www.yungayino.cl\/noticias\/?p=1929"},"modified":"2009-09-13T14:49:55","modified_gmt":"2009-09-13T18:49:55","slug":"celebracion-fiestas-patrias-en-colegio-divina-pastora","status":"publish","type":"post","link":"https:\/\/www.yungayino.cl\/noticias\/?p=1929","title":{"rendered":"Celebraci\u00f3n Fiestas Patrias en Colegio Divina Pastora"},"content":{"rendered":"<p><img decoding=\"async\" src=\"http:\/\/www.yungayino.cl\/imagenes\/fiestaspatriasdivinapastora.jpg\" alt=\"Celebraci\u00f3n Fiestas Patrias en Colegio Divina Pastora\" \/><\/p>\n<p align=\"justify\"><font size=\"2\">Con un acto realizado en el patio central, el Colegio Divina Pastora celebro las Fiestas Patrias, donde los ni\u00f1os de Preb\u00e1sica a Cuarto Medio iniciaron con un desayuno en el cu\u00e1l degustaron comidas t\u00edpicas, para luego lucirse con sus hermosos trajes dieciocheros y as\u00ed realizar presentaciones donde bailaron cuecas, guarachas y corridos en compa\u00f1\u00eda de profesores, padres y apoderados del colegio. Finalmente los ni\u00f1os tendr\u00e1n una semana de vacaciones por motivos de la celebraci\u00f3n de Fiestas Patrias.<br \/>\n<a href=\"http:\/\/www.yungayino.cl\/noticias\/?p=1929#comments\">Comente Aqu\u00ed<\/a><br \/>\n<a href=\"http:\/\/www.flickr.com\/photos\/40100662@N06\/tags\/colegiodivinapastora\/\">Fotograf\u00edas<\/a><\/font><\/p>\n","protected":false},"excerpt":{"rendered":"<p>Con un acto realizado en el patio central, el Colegio Divina Pastora celebro las Fiestas Patrias, donde los ni\u00f1os de Preb\u00e1sica a Cuarto Medio iniciaron con un desayuno en el cu\u00e1l degustaron comidas t\u00edpicas,&#46;&#46;&#46;<\/p>\n","protected":false},"author":2,"featured_media":15103,"comment_status":"open","ping_status":"open","sticky":false,"template":"","format":"standard","meta":{"footnotes":""},"categories":[1],"tags":[70,1115,8,6],"class_list":["post-1929","post","type-post","status-publish","format-standard","has-post-thumbnail","hentry","category-noticias","tag-colegio-divina-pastora","tag-noticias","tag-yungay","tag-yungayino"],"_links":{"self":[{"href":"https:\/\/www.yungayino.cl\/noticias\/index.php?rest_route=\/wp\/v2\/posts\/1929","targetHints":{"allow":["GET"]}}],"collection":[{"href":"https:\/\/www.yungayino.cl\/noticias\/index.php?rest_route=\/wp\/v2\/posts"}],"about":[{"href":"https:\/\/www.yungayino.cl\/noticias\/index.php?rest_route=\/wp\/v2\/types\/post"}],"author":[{"embeddable":true,"href":"https:\/\/www.yungayino.cl\/noticias\/index.php?rest_route=\/wp\/v2\/users\/2"}],"replies":[{"embeddable":true,"href":"https:\/\/www.yungayino.cl\/noticias\/index.php?rest_route=%2Fwp%2Fv2%2Fcomments&post=1929"}],"version-history":[{"count":4,"href":"https:\/\/www.yungayino.cl\/noticias\/index.php?rest_route=\/wp\/v2\/posts\/1929\/revisions"}],"predecessor-version":[{"id":1933,"href":"https:\/\/www.yungayino.cl\/noticias\/index.php?rest_route=\/wp\/v2\/posts\/1929\/revisions\/1933"}],"wp:featuredmedia":[{"embeddable":true,"href":"https:\/\/www.yungayino.cl\/noticias\/index.php?rest_route=\/wp\/v2\/media\/15103"}],"wp:attachment":[{"href":"https:\/\/www.yungayino.cl\/noticias\/index.php?rest_route=%2Fwp%2Fv2%2Fmedia&parent=1929"}],"wp:term":[{"taxonomy":"category","embeddable":true,"href":"https:\/\/www.yungayino.cl\/noticias\/index.php?rest_route=%2Fwp%2Fv2%2Fcategories&post=1929"},{"taxonomy":"post_tag","embeddable":true,"href":"https:\/\/www.yungayino.cl\/noticias\/index.php?rest_route=%2Fwp%2Fv2%2Ftags&post=1929"}],"curies":[{"name":"wp","href":"https:\/\/api.w.org\/{rel}","templated":true}]}}