{"id":19304,"date":"2018-07-06T22:00:28","date_gmt":"2018-07-07T01:00:28","guid":{"rendered":"http:\/\/www.yungayino.cl\/noticias\/?p=19304"},"modified":"2018-07-06T23:44:16","modified_gmt":"2018-07-07T02:44:16","slug":"cantares-de-yungay-invita-a-celebrar-el-dia-del-cuequero-y-la-cuequera","status":"publish","type":"post","link":"https:\/\/www.yungayino.cl\/noticias\/?p=19304","title":{"rendered":"Cantares De Yungay Invita a Celebrar El D\u00eda Del Cuequero"},"content":{"rendered":"<p><img loading=\"lazy\" decoding=\"async\" class=\"size-full wp-image-19305 aligncenter\" src=\"http:\/\/www.yungayino.cl\/noticias\/wp-content\/uploads\/2018\/07\/36692987_10216804232597235_51473984746684416_n.jpg\" alt=\"\" width=\"480\" height=\"611\" srcset=\"https:\/\/www.yungayino.cl\/noticias\/wp-content\/uploads\/2018\/07\/36692987_10216804232597235_51473984746684416_n.jpg 480w, https:\/\/www.yungayino.cl\/noticias\/wp-content\/uploads\/2018\/07\/36692987_10216804232597235_51473984746684416_n-236x300.jpg 236w, https:\/\/www.yungayino.cl\/noticias\/wp-content\/uploads\/2018\/07\/36692987_10216804232597235_51473984746684416_n-118x150.jpg 118w\" sizes=\"auto, (max-width: 480px) 100vw, 480px\" \/><\/p>\n<p style=\"text-align: justify;\">Yungay, viernes 6 de julio 2018: La Agrupaci\u00f3n Folcl\u00f3rica Cantares de Yungay fue fundada el 20 de agosto de 2008, este a\u00f1o cumple \u201c10 a\u00f1os de trayectoria art\u00edstica\u201d. El tiempo ha transcurrido, y con mucho esfuerzo, perseverancia, compromiso y dedicaci\u00f3n han mantenido vivo el objetivo principal de Rescatar, Fomentar y difundir el Folclor tanto dentro como fuera de nuestra comuna.<\/p>\n<p style=\"text-align: justify;\">En el marco de este especial aniversario invitan a la comunidad a celebrar el \u201cD\u00eda del Cuequero\u201d el d\u00eda s\u00e1bado 7 de julio 2018, desde las 18:00 horas en el Liceo Modular de Yungay. En un ambiente familiar, recreativo y participativo en torno a nuestro baile nacional.<\/p>\n<p style=\"text-align: justify;\">Esta actividad que cuenta con el auspicio de la Municipalidad de Yungay, es totalmente gratuita y participar\u00e1n Peumallen de San Carlos, adem\u00e1s de Agrupaciones de Cueca y Campeones Regionales.<\/p>\n","protected":false},"excerpt":{"rendered":"<p>Yungay, viernes 6 de julio 2018: La Agrupaci\u00f3n Folcl\u00f3rica Cantares de Yungay fue fundada el 20 de agosto de 2008, este a\u00f1o cumple \u201c10 a\u00f1os de trayectoria art\u00edstica\u201d. El tiempo ha transcurrido, y con&#46;&#46;&#46;<\/p>\n","protected":false},"author":2,"featured_media":19305,"comment_status":"closed","ping_status":"open","sticky":false,"template":"","format":"standard","meta":{"footnotes":""},"categories":[1],"tags":[60,1752,512,1115,8,6,117],"class_list":["post-19304","post","type-post","status-publish","format-standard","has-post-thumbnail","hentry","category-noticias","tag-cantares-de-yungay","tag-dia-del-cuequero","tag-folclor","tag-noticias","tag-yungay","tag-yungayino","tag-yungayinocl"],"_links":{"self":[{"href":"https:\/\/www.yungayino.cl\/noticias\/index.php?rest_route=\/wp\/v2\/posts\/19304","targetHints":{"allow":["GET"]}}],"collection":[{"href":"https:\/\/www.yungayino.cl\/noticias\/index.php?rest_route=\/wp\/v2\/posts"}],"about":[{"href":"https:\/\/www.yungayino.cl\/noticias\/index.php?rest_route=\/wp\/v2\/types\/post"}],"author":[{"embeddable":true,"href":"https:\/\/www.yungayino.cl\/noticias\/index.php?rest_route=\/wp\/v2\/users\/2"}],"replies":[{"embeddable":true,"href":"https:\/\/www.yungayino.cl\/noticias\/index.php?rest_route=%2Fwp%2Fv2%2Fcomments&post=19304"}],"version-history":[{"count":3,"href":"https:\/\/www.yungayino.cl\/noticias\/index.php?rest_route=\/wp\/v2\/posts\/19304\/revisions"}],"predecessor-version":[{"id":19308,"href":"https:\/\/www.yungayino.cl\/noticias\/index.php?rest_route=\/wp\/v2\/posts\/19304\/revisions\/19308"}],"wp:featuredmedia":[{"embeddable":true,"href":"https:\/\/www.yungayino.cl\/noticias\/index.php?rest_route=\/wp\/v2\/media\/19305"}],"wp:attachment":[{"href":"https:\/\/www.yungayino.cl\/noticias\/index.php?rest_route=%2Fwp%2Fv2%2Fmedia&parent=19304"}],"wp:term":[{"taxonomy":"category","embeddable":true,"href":"https:\/\/www.yungayino.cl\/noticias\/index.php?rest_route=%2Fwp%2Fv2%2Fcategories&post=19304"},{"taxonomy":"post_tag","embeddable":true,"href":"https:\/\/www.yungayino.cl\/noticias\/index.php?rest_route=%2Fwp%2Fv2%2Ftags&post=19304"}],"curies":[{"name":"wp","href":"https:\/\/api.w.org\/{rel}","templated":true}]}}