{"id":19316,"date":"2018-07-09T10:00:42","date_gmt":"2018-07-09T13:00:42","guid":{"rendered":"http:\/\/www.yungayino.cl\/noticias\/?p=19316"},"modified":"2018-07-09T11:54:46","modified_gmt":"2018-07-09T14:54:46","slug":"agrupacion-cantares-de-yungay-celebro-dia-nacional-del-cuequero","status":"publish","type":"post","link":"https:\/\/www.yungayino.cl\/noticias\/?p=19316","title":{"rendered":"Agrupaci\u00f3n Cantares de Yungay Celebr\u00f3 \u201cD\u00eda Nacional del Cuequero\u201d"},"content":{"rendered":"<p><img loading=\"lazy\" decoding=\"async\" class=\"alignnone size-full wp-image-19317\" src=\"http:\/\/www.yungayino.cl\/noticias\/wp-content\/uploads\/2018\/07\/cantares_dia_cuequero_2018.jpg\" alt=\"\" width=\"700\" height=\"350\" srcset=\"https:\/\/www.yungayino.cl\/noticias\/wp-content\/uploads\/2018\/07\/cantares_dia_cuequero_2018.jpg 700w, https:\/\/www.yungayino.cl\/noticias\/wp-content\/uploads\/2018\/07\/cantares_dia_cuequero_2018-300x150.jpg 300w\" sizes=\"auto, (max-width: 700px) 100vw, 700px\" \/><\/p>\n<p style=\"text-align: justify;\">Yungay, lunes 09 de julio 2018: Con m\u00e1s de un centenar de personas se celebr\u00f3 el D\u00eda Nacional del Cuequero, actividad que se desarroll\u00f3 en las dependencias del Liceo Modular durante la tarde del s\u00e1bado 7 de julio, donde se cont\u00f3 con la participaci\u00f3n del Grupo <strong>\u201cPeumallen<\/strong>\u201d de San Carlos, la Agrupaci\u00f3n Folcl\u00f3rica Cantares de Yungay, adem\u00e1s de \u00a0Agrupaciones de Cueca y Campeones Regionales.<\/p>\n<p style=\"text-align: justify;\"><iframe loading=\"lazy\" style=\"border: none; overflow: hidden;\" src=\"https:\/\/www.facebook.com\/plugins\/post.php?href=https:\/\/www.facebook.com\/media\/set\/?set=a.2154425787905782.1073743300.159561284058919&amp;type=1&amp;l=a2f4ea30b9&amp;l=a77e327dc6&amp;l=f5951f1994&amp;l=bfecbb8adf&amp;l=687b6bf5da&amp;width=500&amp;show_text=true&amp;height=691&amp;appId\" width=\"500\" height=\"691\" frameborder=\"0\" scrolling=\"no\"><\/iframe><\/p>\n<p style=\"text-align: justify;\">La Agrupaci\u00f3n Cantares de Yungay fueron los que organizaron para festejar el D\u00eda Nacional del Cuequero, efem\u00e9ride celebrada en honor al natalicio del destacado y extinto folclorista Hern\u00e1n \u201cNano\u201d Nu\u00f1ez, cuya vida dedicada al folclore lo transform\u00f3 en una de las figuras m\u00e1s influyentes en la creaci\u00f3n y difusi\u00f3n de la cueca a nivel nacional e internacional, as\u00ed lo se\u00f1al\u00f3 en su discurso el animador, Sr. Herne Sandoval Inostroza.<\/p>\n<p style=\"text-align: justify;\"><strong>Sr. Herne Sandoval Fuentes<\/strong>, Presidente de la Agrupaci\u00f3n Cantares, se\u00f1alo al Equipo del Portal Yungayino.cl, que esta actividad cont\u00f3 con el apoyo del Municipio, y que es parte de las actividades que han organizado para celebrar los \u201c10 a\u00f1os de trayectoria art\u00edstica\u201d de la agrupaci\u00f3n, adem\u00e1s destac\u00f3 que durante este tiempo transcurrido y con mucho esfuerzo, perseverancia, compromiso y dedicaci\u00f3n han mantenido vivo el objetivo principal de rescatar, fomentar y difundir el folclor tanto dentro como fuera de nuestra comuna.<\/p>\n<p style=\"text-align: justify;\">Fue as\u00ed que decenas de bailarines y en un ambiente familiar festejaron exhibiendo sus dotes a tono con la interpretaci\u00f3n de los conjuntos folcl\u00f3ricos, rindiendo de esta forma tributo a todos los cuequeros chilenos y seguidores de nuestro hermoso baile nacional.<\/p>\n<p style=\"text-align: justify;\">[su_button url=\u00bbhttps:\/\/www.facebook.com\/media\/set\/?set=a.2154425787905782.1073743300.159561284058919&amp;type=1&amp;l=a2f4ea30b9&#8243; target=\u00bbblank\u00bb size=\u00bb7&#8243; radius=\u00bbround\u00bb icon=\u00bbicon: facebook-square\u00bb]FOTOGRAF\u00cdAS &#8211; Agrupaci\u00f3n Cantares de Yungay Celebr\u00f3 \u201cD\u00eda Nacional del Cuequero\u201d[\/su_button]<\/p>\n","protected":false},"excerpt":{"rendered":"<p>Yungay, lunes 09 de julio 2018: Con m\u00e1s de un centenar de personas se celebr\u00f3 el D\u00eda Nacional del Cuequero, actividad que se desarroll\u00f3 en las dependencias del Liceo Modular durante la tarde del&#46;&#46;&#46;<\/p>\n","protected":false},"author":2,"featured_media":19317,"comment_status":"closed","ping_status":"open","sticky":false,"template":"","format":"standard","meta":{"footnotes":""},"categories":[5,1],"tags":[864,67,1752,512,1115,1756,8,6,117],"class_list":["post-19316","post","type-post","status-publish","format-standard","has-post-thumbnail","hentry","category-eventos","category-noticias","tag-agrupacion-cantares-de-yungay","tag-cueca","tag-dia-del-cuequero","tag-folclor","tag-noticias","tag-peumallen","tag-yungay","tag-yungayino","tag-yungayinocl"],"_links":{"self":[{"href":"https:\/\/www.yungayino.cl\/noticias\/index.php?rest_route=\/wp\/v2\/posts\/19316","targetHints":{"allow":["GET"]}}],"collection":[{"href":"https:\/\/www.yungayino.cl\/noticias\/index.php?rest_route=\/wp\/v2\/posts"}],"about":[{"href":"https:\/\/www.yungayino.cl\/noticias\/index.php?rest_route=\/wp\/v2\/types\/post"}],"author":[{"embeddable":true,"href":"https:\/\/www.yungayino.cl\/noticias\/index.php?rest_route=\/wp\/v2\/users\/2"}],"replies":[{"embeddable":true,"href":"https:\/\/www.yungayino.cl\/noticias\/index.php?rest_route=%2Fwp%2Fv2%2Fcomments&post=19316"}],"version-history":[{"count":2,"href":"https:\/\/www.yungayino.cl\/noticias\/index.php?rest_route=\/wp\/v2\/posts\/19316\/revisions"}],"predecessor-version":[{"id":19319,"href":"https:\/\/www.yungayino.cl\/noticias\/index.php?rest_route=\/wp\/v2\/posts\/19316\/revisions\/19319"}],"wp:featuredmedia":[{"embeddable":true,"href":"https:\/\/www.yungayino.cl\/noticias\/index.php?rest_route=\/wp\/v2\/media\/19317"}],"wp:attachment":[{"href":"https:\/\/www.yungayino.cl\/noticias\/index.php?rest_route=%2Fwp%2Fv2%2Fmedia&parent=19316"}],"wp:term":[{"taxonomy":"category","embeddable":true,"href":"https:\/\/www.yungayino.cl\/noticias\/index.php?rest_route=%2Fwp%2Fv2%2Fcategories&post=19316"},{"taxonomy":"post_tag","embeddable":true,"href":"https:\/\/www.yungayino.cl\/noticias\/index.php?rest_route=%2Fwp%2Fv2%2Ftags&post=19316"}],"curies":[{"name":"wp","href":"https:\/\/api.w.org\/{rel}","templated":true}]}}