{"id":19329,"date":"2018-07-13T18:00:59","date_gmt":"2018-07-13T21:00:59","guid":{"rendered":"http:\/\/www.yungayino.cl\/noticias\/?p=19329"},"modified":"2018-07-13T22:56:29","modified_gmt":"2018-07-14T01:56:29","slug":"con-plantacion-de-arboles-nativos-partio-la-restauracion-del-parque-coyanmahuida","status":"publish","type":"post","link":"https:\/\/www.yungayino.cl\/noticias\/?p=19329","title":{"rendered":"Con Plantaci\u00f3n de \u00c1rboles Nativos Parti\u00f3 la Restauraci\u00f3n del Parque Coyanmahuida"},"content":{"rendered":"<p><img loading=\"lazy\" decoding=\"async\" class=\"alignnone size-full wp-image-19330\" src=\"http:\/\/www.yungayino.cl\/noticias\/wp-content\/uploads\/2018\/07\/restauracion_parque_coyanmahuida.jpg\" alt=\"\" width=\"700\" height=\"350\" srcset=\"https:\/\/www.yungayino.cl\/noticias\/wp-content\/uploads\/2018\/07\/restauracion_parque_coyanmahuida.jpg 700w, https:\/\/www.yungayino.cl\/noticias\/wp-content\/uploads\/2018\/07\/restauracion_parque_coyanmahuida-300x150.jpg 300w\" sizes=\"auto, (max-width: 700px) 100vw, 700px\" \/><\/p>\n<p style=\"text-align: justify;\">Regional, viernes 13 de julio 2018: Con la plantaci\u00f3n de 770 \u00e1rboles nativos se dio inicio al proceso de restauraci\u00f3n del <strong>Parque Coyanmahuida<\/strong>, en la comuna de Florida, que result\u00f3 afectado en un 90% de su superficie por los incendios rurales del a\u00f1o pasado.<\/p>\n<p style=\"text-align: justify;\">En la oportunidad, ni\u00f1os de escuelas de la comuna, guiados por guardabosques y monitores de ARAUCO, realizaron una plantaci\u00f3n simb\u00f3lica en las primeras 4 hect\u00e1reas, de un total proyectado de 38,6 hect\u00e1reas, con especies como Arrayan macho, Azara, Copihue, Maqui, Peumo, Quillay y Roble. En el resto del parque, se realiza una restauraci\u00f3n a trav\u00e9s de la regeneraci\u00f3n natural del bosque nativo, actualmente en proceso.<\/p>\n<p style=\"text-align: justify;\"><iframe loading=\"lazy\" style=\"border: none; overflow: hidden;\" src=\"https:\/\/www.facebook.com\/plugins\/post.php?href=https:\/\/www.facebook.com\/media\/set\/?set=a.2161533430528351.1073743302.159561284058919&amp;type=1&amp;l=668fb2e316&amp;l=a77e327dc6&amp;l=f5951f1994&amp;l=bfecbb8adf&amp;l=687b6bf5da&amp;width=500&amp;show_text=true&amp;height=691&amp;appId\" width=\"500\" height=\"691\" frameborder=\"0\" scrolling=\"no\"><\/iframe><\/p>\n<p style=\"text-align: justify;\">Desde mediados de los \u201990, ARAUCO administra este valorado espacio de bosque nativo, uno de los m\u00e1s importantes en los alrededores de Concepci\u00f3n, con una superficie total de 134 hect\u00e1reas.<\/p>\n<p style=\"text-align: justify;\">Hasta antes del incendio del 2017, el centro de la actividad del parque estaba en la educaci\u00f3n ambiental, dirigida principalmente a ni\u00f1os; as\u00ed como a la investigaci\u00f3n, a trav\u00e9s de la visita de estudiantes y profesionales de distintas universidades del pa\u00eds. Entre los a\u00f1os 2011 y 2016 m\u00e1s de 8.200 ni\u00f1os conocieron esta sala de clases al aire libre.<\/p>\n<p style=\"text-align: justify;\">El fuego da\u00f1\u00f3 cerca del 90% del parque, la mayor\u00eda bosque nativo y algunas hect\u00e1reas de plantaciones de pino. En 2017 se recogieron semillas para \u201cviverizarlas\u201d en el Vivero Quivolgo y lo que ahora se est\u00e1 plantando son plantas provenientes de semillas recogidas desde el mismo parque.<\/p>\n<p style=\"text-align: justify;\">Pese al incendio, se mantiene parte importante de la fauna del lugar, observ\u00e1ndose gran n\u00famero de aves e, incluso, se han visto pud\u00faes en la zona.<\/p>\n<p style=\"text-align: justify;\"><strong>Sr. Juan Anzieta<\/strong>, Gerente de Medio Ambiente y Comunidades de ARAUCO, explic\u00f3 que la restauraci\u00f3n en Coyanmahuida es parte del trabajo que la forestal lleva adelante en cerca de 50 mil hect\u00e1reas a nivel nacional. \u201cNos sentimos muy contentos y esto demuestra que es posible hacer un trabajo colaborativo, p\u00fablico \u2013 privado, que va en beneficio de las futuras generaciones\u201d.<\/p>\n<p style=\"text-align: justify;\">El Seremi de Medio Ambiente, <strong>Sr. Mario Delannays<\/strong>, destac\u00f3 que \u201cla alianza p\u00fablico privada, poder incorporar a la comunidad y restaurar el paisaje cerca de las zonas urbanas es muy relevante y va en l\u00ednea con lo que pretendemos hacer como Ministerio del Medio Ambiente\u201d.<\/p>\n<p style=\"text-align: justify;\">Finalmente, el alcalde de Florida,<strong> Sr. Jorge Roa<\/strong>, dijo que \u201cen nuestra comuna estamos trabajando para certificarnos medioambientalmente y \u00e9ste es un paso extremadamente relevante en esa direcci\u00f3n\u201d.<\/p>\n<p style=\"text-align: justify;\">El Parque Coyanmahuida (\u201cMonta\u00f1a de robles\u201d, en mapudungun), se encuentra en la comuna de Florida, a s\u00f3lo 40 kil\u00f3metros de Concepci\u00f3n y 25 kil\u00f3metros de Quill\u00f3n, siguiendo la Ruta 148.<\/p>\n<p style=\"text-align: justify;\">[su_button url=\u00bbhttps:\/\/www.facebook.com\/media\/set\/?set=a.2161533430528351.1073743302.159561284058919&amp;type=1&amp;l=668fb2e316&#8243; target=\u00bbblank\u00bb size=\u00bb7&#8243; radius=\u00bbround\u00bb icon=\u00bbicon: facebook-square\u00bb]FOTOGRAF\u00cdAS &#8211; Con Plantaci\u00f3n de \u00c1rboles Nativos Parti\u00f3 la Restauraci\u00f3n del Parque Coyanmahuida[\/su_button]<\/p>\n","protected":false},"excerpt":{"rendered":"<p>Regional, viernes 13 de julio 2018: Con la plantaci\u00f3n de 770 \u00e1rboles nativos se dio inicio al proceso de restauraci\u00f3n del Parque Coyanmahuida, en la comuna de Florida, que result\u00f3 afectado en un 90%&#46;&#46;&#46;<\/p>\n","protected":false},"author":2,"featured_media":19330,"comment_status":"closed","ping_status":"open","sticky":false,"template":"","format":"standard","meta":{"footnotes":""},"categories":[1],"tags":[350,1115,1759,8,6,117],"class_list":["post-19329","post","type-post","status-publish","format-standard","has-post-thumbnail","hentry","category-noticias","tag-arauco","tag-noticias","tag-parque-coyanmahuida","tag-yungay","tag-yungayino","tag-yungayinocl"],"_links":{"self":[{"href":"https:\/\/www.yungayino.cl\/noticias\/index.php?rest_route=\/wp\/v2\/posts\/19329","targetHints":{"allow":["GET"]}}],"collection":[{"href":"https:\/\/www.yungayino.cl\/noticias\/index.php?rest_route=\/wp\/v2\/posts"}],"about":[{"href":"https:\/\/www.yungayino.cl\/noticias\/index.php?rest_route=\/wp\/v2\/types\/post"}],"author":[{"embeddable":true,"href":"https:\/\/www.yungayino.cl\/noticias\/index.php?rest_route=\/wp\/v2\/users\/2"}],"replies":[{"embeddable":true,"href":"https:\/\/www.yungayino.cl\/noticias\/index.php?rest_route=%2Fwp%2Fv2%2Fcomments&post=19329"}],"version-history":[{"count":2,"href":"https:\/\/www.yungayino.cl\/noticias\/index.php?rest_route=\/wp\/v2\/posts\/19329\/revisions"}],"predecessor-version":[{"id":19332,"href":"https:\/\/www.yungayino.cl\/noticias\/index.php?rest_route=\/wp\/v2\/posts\/19329\/revisions\/19332"}],"wp:featuredmedia":[{"embeddable":true,"href":"https:\/\/www.yungayino.cl\/noticias\/index.php?rest_route=\/wp\/v2\/media\/19330"}],"wp:attachment":[{"href":"https:\/\/www.yungayino.cl\/noticias\/index.php?rest_route=%2Fwp%2Fv2%2Fmedia&parent=19329"}],"wp:term":[{"taxonomy":"category","embeddable":true,"href":"https:\/\/www.yungayino.cl\/noticias\/index.php?rest_route=%2Fwp%2Fv2%2Fcategories&post=19329"},{"taxonomy":"post_tag","embeddable":true,"href":"https:\/\/www.yungayino.cl\/noticias\/index.php?rest_route=%2Fwp%2Fv2%2Ftags&post=19329"}],"curies":[{"name":"wp","href":"https:\/\/api.w.org\/{rel}","templated":true}]}}