{"id":19354,"date":"2018-07-17T20:00:15","date_gmt":"2018-07-17T23:00:15","guid":{"rendered":"http:\/\/www.yungayino.cl\/noticias\/?p=19354"},"modified":"2018-07-17T23:36:20","modified_gmt":"2018-07-18T02:36:20","slug":"delegacion-premio-a-ganadores-que-disenaron-escudos-de-las-tres-provincias-de-la-region-de-nuble","status":"publish","type":"post","link":"https:\/\/www.yungayino.cl\/noticias\/?p=19354","title":{"rendered":"Delegaci\u00f3n Premi\u00f3 a Ganadores que Dise\u00f1aron Escudos de las Tres Provincias de la Regi\u00f3n de \u00d1uble"},"content":{"rendered":"<p><img loading=\"lazy\" decoding=\"async\" class=\"alignnone size-full wp-image-19355\" src=\"http:\/\/www.yungayino.cl\/noticias\/wp-content\/uploads\/2018\/07\/escudos_region_\u00f1uble.jpg\" alt=\"\" width=\"700\" height=\"350\" srcset=\"https:\/\/www.yungayino.cl\/noticias\/wp-content\/uploads\/2018\/07\/escudos_region_\u00f1uble.jpg 700w, https:\/\/www.yungayino.cl\/noticias\/wp-content\/uploads\/2018\/07\/escudos_region_\u00f1uble-300x150.jpg 300w\" sizes=\"auto, (max-width: 700px) 100vw, 700px\" \/><\/p>\n<p style=\"text-align: justify;\">Regional, martes 17 de julio 2018: Dise\u00f1ar la her\u00e1ldica de las tres Provincias de la Regi\u00f3n de \u00d1uble: Diguill\u00edn, Punilla e Itata, fue el objetivo del concurso que organiz\u00f3 la Delegaci\u00f3n Presidencial y cuyos ganadores fueron premiados en una actividad realizada en el Teatro Municipal.<\/p>\n<p style=\"text-align: justify;\">Dado que la provincia de \u00d1uble contaba con un escudo representativo de su historia y geograf\u00eda, se decidi\u00f3 mantener el mismo para la nueva regi\u00f3n y dise\u00f1ar escudos de las tres nuevas provincias.<\/p>\n<p style=\"text-align: justify;\"><iframe loading=\"lazy\" style=\"border: none; overflow: hidden;\" src=\"https:\/\/www.facebook.com\/plugins\/post.php?href=https:\/\/www.facebook.com\/media\/set\/?set=a.2167948523220175.1073743304.159561284058919&amp;type=1&amp;l=ffd0030138&amp;l=a77e327dc6&amp;l=f5951f1994&amp;l=bfecbb8adf&amp;l=687b6bf5da&amp;width=500&amp;show_text=true&amp;height=691&amp;appId\" width=\"500\" height=\"691\" frameborder=\"0\" scrolling=\"no\"><\/iframe><\/p>\n<p style=\"text-align: justify;\">El grupo Miranda Pi\u00f1\u00f3n fue el ganador de la propuesta provincia de Itata y provincia de Punilla. Est\u00e1 integrado por los alumnos de segundo a\u00f1o de la carrera de Dise\u00f1o Gr\u00e1fico de la UBB campus Chill\u00e1n,\u00a0Javiera Flores, Francisca Pizarro, Claudia Ojeda, B\u00e1rbara Herrera y Giovanni Aguilar.<\/p>\n<p style=\"text-align: justify;\">Los estudiantes explicaron el significado del dise\u00f1o Itata: Sable: Representa al h\u00e9roe Arturo Prat y a la justicia;\u00a0Hojas de parra: significa la producci\u00f3n vitivin\u00edcola caracter\u00edstica de la provincia; Ondas: sugiere el v\u00ednculo de la provincia con su atractivo tur\u00edstico ligado al mar (lober\u00eda).<\/p>\n<p style=\"text-align: justify;\">\u201cTrabajamos en grupo, cada uno aportando opiniones. Nos demoramos como dos semanas en tener listo los escudos, trabajando desde las ocho de la ma\u00f1ana a las seis de la tarde\u201d, dijo Javiera Flores.<\/p>\n<p style=\"text-align: justify;\">En tanto, Giovanni Aguilar se\u00f1al\u00f3 que hubo un trabajo investigativo tanto de la her\u00e1ldica como de la identidad de cada provincia, buscando elementos con los que sus habitantes se sintieran m\u00e1s identificados\u201d.<\/p>\n<p style=\"text-align: justify;\">En el dise\u00f1o de la provincia Punilla entregaron la siguiente fundamentaci\u00f3n:<\/p>\n<p style=\"text-align: justify;\">Violeta (flor): simboliza los atributos folcl\u00f3ricos de la provincia representando a la cantautora Violeta Parra. Se dispone sobre p\u00farpura para representar la humildad y la sabidur\u00eda; Torre: representa a la cordillera que vigila sobre la tierra; Ondas: simboliza los tranques, un atractivo tur\u00edstico de la provincia.<\/p>\n<p style=\"text-align: justify;\">El ganador del dise\u00f1o de escudo de la provincia de Diguill\u00edn Marcos Morales Cruz, egresado de dise\u00f1o gr\u00e1fico de la Universidad del Biob\u00edo.\u00a0Iconos Emblem\u00e1ticos:\u00a0O\u2019Higgins, Cayumanquinos, volc\u00e1n.<\/p>\n<p style=\"text-align: justify;\">La explicaci\u00f3n de su dise\u00f1o radica en un elemento principal y central que representa la espada de Bernardo O\u2019Higgins. En la parte baja est\u00e1 el \u00edcono del Volc\u00e1n. Luego en la parte superior izquierda nos encontramos con el Sol que reconoce a la Provincia como principal dentro de la regi\u00f3n, ya que aqu\u00ed se encuentra la Capital Regional del \u00d1uble. Y bordeando al escudo se representa a todas las comunas que integran la regi\u00f3n representada por estrellas.<\/p>\n<p style=\"text-align: justify;\">\u201cTrat\u00e9 de plasmar las ideas lo mejor posible y m\u00e1s all\u00e1 del premio monetario que uno pueda recibir es la relevancia que esto toma en la historia de nuestra regi\u00f3n. Me demor\u00e9 una semana estudiando la her\u00e1ldica espa\u00f1ola y luego en la creaci\u00f3n del dise\u00f1o mismo\u201d, apunt\u00f3.<\/p>\n<p style=\"text-align: justify;\">Para el historiador Marco Aurelio Reyes, uno de los jurados del concurso, lo relevante es que \u201clos s\u00edmbolos son una expresi\u00f3n de la identidad y el jurado fue bastante sensible a las obras que se presentaron, hicimos un trabajo mancomunado y llegamos al consenso de que eran los mejores escudos\u201d.<\/p>\n<p style=\"text-align: justify;\">Adem\u00e1s de Reyes integraron el jurado: El historiador\u00a0Alejandro Witker; Jaqueline Santos Luarte, directora Escuela Dise\u00f1o Gr\u00e1fico Universidad del B\u00edo-B\u00edo; Francisco Martinic, director Diario La Discusi\u00f3n, Fernando May, Hugo Gebrie, alcalde de San Carlos, Richard Irribarra, alcalde de Quirihue y Jorge Hidalgo, alcalde de Bulnes.<\/p>\n<p style=\"text-align: justify;\">El Delegado Mart\u00edn Arrau destac\u00f3 la relevancia de este concurso \u201cya que sin duda forma parte del proceso de instalaci\u00f3n y con esto comenzamos a entregar identidad y posicionar la imagen de las futuras capitales provinciales\u201d.<\/p>\n<p style=\"text-align: justify;\">[su_button url=\u00bbhttps:\/\/www.facebook.com\/media\/set\/?set=a.2167948523220175.1073743304.159561284058919&amp;type=1&amp;l=ffd0030138&#8243; target=\u00bbblank\u00bb size=\u00bb7&#8243; radius=\u00bbround\u00bb icon=\u00bbicon: facebook-square\u00bb]FOTOGRAF\u00cdAS &#8211; Delegaci\u00f3n Premi\u00f3 a Ganadores que Dise\u00f1aron Escudos de las Tres Provincias de la Regi\u00f3n de \u00d1uble[\/su_button]<\/p>\n","protected":false},"excerpt":{"rendered":"<p>Regional, martes 17 de julio 2018: Dise\u00f1ar la her\u00e1ldica de las tres Provincias de la Regi\u00f3n de \u00d1uble: Diguill\u00edn, Punilla e Itata, fue el objetivo del concurso que organiz\u00f3 la Delegaci\u00f3n Presidencial y cuyos&#46;&#46;&#46;<\/p>\n","protected":false},"author":2,"featured_media":19355,"comment_status":"closed","ping_status":"open","sticky":false,"template":"","format":"standard","meta":{"footnotes":""},"categories":[3,14,1],"tags":[1763,1761,1765,1115,1764,1762,8,6,117],"class_list":["post-19354","post","type-post","status-publish","format-standard","has-post-thumbnail","hentry","category-actualidad","category-historia","category-noticias","tag-diguillin","tag-escudos","tag-itata","tag-noticias","tag-punilla","tag-region-nuble","tag-yungay","tag-yungayino","tag-yungayinocl"],"_links":{"self":[{"href":"https:\/\/www.yungayino.cl\/noticias\/index.php?rest_route=\/wp\/v2\/posts\/19354","targetHints":{"allow":["GET"]}}],"collection":[{"href":"https:\/\/www.yungayino.cl\/noticias\/index.php?rest_route=\/wp\/v2\/posts"}],"about":[{"href":"https:\/\/www.yungayino.cl\/noticias\/index.php?rest_route=\/wp\/v2\/types\/post"}],"author":[{"embeddable":true,"href":"https:\/\/www.yungayino.cl\/noticias\/index.php?rest_route=\/wp\/v2\/users\/2"}],"replies":[{"embeddable":true,"href":"https:\/\/www.yungayino.cl\/noticias\/index.php?rest_route=%2Fwp%2Fv2%2Fcomments&post=19354"}],"version-history":[{"count":3,"href":"https:\/\/www.yungayino.cl\/noticias\/index.php?rest_route=\/wp\/v2\/posts\/19354\/revisions"}],"predecessor-version":[{"id":19358,"href":"https:\/\/www.yungayino.cl\/noticias\/index.php?rest_route=\/wp\/v2\/posts\/19354\/revisions\/19358"}],"wp:featuredmedia":[{"embeddable":true,"href":"https:\/\/www.yungayino.cl\/noticias\/index.php?rest_route=\/wp\/v2\/media\/19355"}],"wp:attachment":[{"href":"https:\/\/www.yungayino.cl\/noticias\/index.php?rest_route=%2Fwp%2Fv2%2Fmedia&parent=19354"}],"wp:term":[{"taxonomy":"category","embeddable":true,"href":"https:\/\/www.yungayino.cl\/noticias\/index.php?rest_route=%2Fwp%2Fv2%2Fcategories&post=19354"},{"taxonomy":"post_tag","embeddable":true,"href":"https:\/\/www.yungayino.cl\/noticias\/index.php?rest_route=%2Fwp%2Fv2%2Ftags&post=19354"}],"curies":[{"name":"wp","href":"https:\/\/api.w.org\/{rel}","templated":true}]}}