{"id":19365,"date":"2018-07-25T20:00:31","date_gmt":"2018-07-25T23:00:31","guid":{"rendered":"http:\/\/www.yungayino.cl\/noticias\/?p=19365"},"modified":"2018-07-25T23:49:22","modified_gmt":"2018-07-26T02:49:22","slug":"arauco-aprueba-construccion-de-mapa-la-mayor-inversion-en-la-historia-de-la-compania","status":"publish","type":"post","link":"https:\/\/www.yungayino.cl\/noticias\/?p=19365","title":{"rendered":"ARAUCO Aprueba Construcci\u00f3n de Mapa, la Mayor Inversi\u00f3n en la Historia de la Compa\u00f1\u00eda"},"content":{"rendered":"<p><img loading=\"lazy\" decoding=\"async\" class=\"alignnone size-full wp-image-19366\" src=\"http:\/\/www.yungayino.cl\/noticias\/wp-content\/uploads\/2018\/07\/arauco_planta_tratamiento_efluentes.jpg\" alt=\"\" width=\"700\" height=\"350\" srcset=\"https:\/\/www.yungayino.cl\/noticias\/wp-content\/uploads\/2018\/07\/arauco_planta_tratamiento_efluentes.jpg 700w, https:\/\/www.yungayino.cl\/noticias\/wp-content\/uploads\/2018\/07\/arauco_planta_tratamiento_efluentes-300x150.jpg 300w\" sizes=\"auto, (max-width: 700px) 100vw, 700px\" \/><\/p>\n<p style=\"text-align: justify;\">Mi\u00e9rcoles 25 Julio 2018: El Directorio de ARAUCO aprob\u00f3 ayer 24 de julio el inicio de la modernizaci\u00f3n y ampliaci\u00f3n de la Planta Arauco, iniciativa que contempla una inversi\u00f3n de US$2.350 millones, y que representa la mayor inversi\u00f3n en la historia de la compa\u00f1\u00eda.<\/p>\n<p style=\"text-align: justify;\">Esta nueva fase del proyecto, que comenz\u00f3 el a\u00f1o 2012 y que ha estado marcado por el trabajo conjunto y un amplio proceso de participaci\u00f3n con la comunidad, permitir\u00e1 renovar y aumentar la eficiencia y productividad, adem\u00e1s de fortalecer la competitividad y liderazgo de ARAUCO en los mercados globales.<\/p>\n<p style=\"text-align: justify;\">A nivel productivo, el proyecto considera la detenci\u00f3n de la L\u00ednea 1, la modernizaci\u00f3n de la actual L\u00ednea 2 de producci\u00f3n y la construcci\u00f3n de una nueva l\u00ednea de producci\u00f3n (L\u00ednea 3), con una capacidad de 1.560.000 toneladas anuales, permitiendo as\u00ed un aumento en la producci\u00f3n de celulosa del complejo, alcanzando un total estimado de 2.100.000 toneladas anuales.<\/p>\n<p style=\"text-align: justify;\">Adicionalmente, MAPA (Modernizaci\u00f3n y Ampliaci\u00f3n de la Planta Arauco) permitir\u00e1 continuar generando energ\u00eda limpia y renovable, gracias a la construcci\u00f3n de una nueva caldera de cogeneraci\u00f3n el\u00e9ctrica a partir de biomasa forestal. Adem\u00e1s de autoabastecer de energ\u00eda limpia a la planta, se producir\u00e1 un excedente m\u00e1ximo de 166 MW que ser\u00e1 entregado al Sistema El\u00e9ctrico Nacional (SEN), a trav\u00e9s de una L\u00ednea de Transmisi\u00f3n El\u00e9ctrica, cuya construcci\u00f3n tambi\u00e9n es parte del proyecto.<\/p>\n<p style=\"text-align: justify;\">A esto se suma la implementaci\u00f3n de un programa de capacitaci\u00f3n y formaci\u00f3n que apoye la creaci\u00f3n de 4.000 a 5.000 empleos durante la construcci\u00f3n, con un m\u00e1ximo de 8.000. Adem\u00e1s, se espera que, una vez culminada la construcci\u00f3n, se generen cerca de 1.000 puestos de trabajo, principalmente en servicios y en la actividad Forestal. Esto con el objetivo de aportar al empleo y dinamizar el desarrollo y econom\u00eda local.<\/p>\n<p style=\"text-align: justify;\">Adicionalmente, el proyecto considera un nuevo sistema de tratamiento de efluentes que comenz\u00f3 a construirse el a\u00f1o 2015 y que consider\u00f3 una inversi\u00f3n adicional de 120 millones de d\u00f3lares. \u00c9ste ya se encuentra con un avance del 99% en su construcci\u00f3n y permitir\u00e1 entregar servicio a las actuales instalaciones y a la futura l\u00ednea 3.<\/p>\n<p style=\"text-align: justify;\">El gerente de Asuntos Corporativos y Comerciales de ARAUCO, Charles Kimber, coment\u00f3 que \u201cestamos muy orgullosos por la concreci\u00f3n de este proyecto, ya que da cuenta del largo y positivo trabajo conjunto que hemos realizado con la comunidad y las autoridades\u201d.<\/p>\n<p style=\"text-align: justify;\">Asimismo, asegur\u00f3 que \u201ceste proyecto considera el m\u00e1s amplio programa de inversiones en la historia de ARAUCO y precisamente lo desarrollaremos en una comuna donde nos une una larga y estrecha relaci\u00f3n, dado que es aqu\u00ed donde nace esta compa\u00f1\u00eda\u201d<\/p>\n<p style=\"text-align: justify;\">El camino recorrido<\/p>\n<p style=\"text-align: justify;\">En 2012, ARAUCO se propuso que el desarrollo de MAPA representara un aporte real para el territorio. Por ello, desde un comienzo, el proyecto contempl\u00f3 un amplio programa de inversiones en tecnolog\u00eda, infraestructura, equipamiento, desarrollo productivo, educaci\u00f3n y cultura.<\/p>\n<p style=\"text-align: justify;\">As\u00ed mismo, se efectu\u00f3 un extenso proceso de participaci\u00f3n ciudadana, articulado en torno a tres Casas Abiertas donde se implement\u00f3 un programa voluntario para informar y dialogar con los vecinos directos de las actuales operaciones y del Proyecto.<\/p>\n<p style=\"text-align: justify;\">Entre los principales proyectos asociados se encuentran: La construcci\u00f3n del Campus Arauco (Centro de formaci\u00f3n Dual en conjunto con DUOC UC), el Centro Cultural de Arauco, programas de equipamiento e infraestructura asociados al proceso de Consulta Ind\u00edgena, Programa de Estudios Ecosist\u00e9micos del Golfo de Arauco (PREGA), el Plan de Vivienda de ARAUCO e iniciativas comunitarias acordadas con la comunidad.<\/p>\n<p style=\"text-align: justify;\">Construcci\u00f3n y operaci\u00f3n<\/p>\n<p style=\"text-align: justify;\">Si bien la Modernizaci\u00f3n de la Planta ARAUCO comenz\u00f3 el a\u00f1o 2015 con la construcci\u00f3n del nuevo sistema de tratamiento de efluentes, la etapa de Ampliaci\u00f3n se iniciar\u00e1 en diciembre de este a\u00f1o con el objetivo de operar al segundo trimestre de 2021.<\/p>\n<p style=\"text-align: justify;\">Es por ello que durante en este proceso, la compa\u00f1\u00eda buscar\u00e1 crear capacidades, generar empleo y dinamizar diferentes sectores productivos del territorio, siempre acompa\u00f1ado de la incorporaci\u00f3n de las m\u00e1s modernas tecnolog\u00edas e importantes avances ambientales.<\/p>\n<p style=\"text-align: justify;\">\n","protected":false},"excerpt":{"rendered":"<p>Mi\u00e9rcoles 25 Julio 2018: El Directorio de ARAUCO aprob\u00f3 ayer 24 de julio el inicio de la modernizaci\u00f3n y ampliaci\u00f3n de la Planta Arauco, iniciativa que contempla una inversi\u00f3n de US$2.350 millones, y que&#46;&#46;&#46;<\/p>\n","protected":false},"author":2,"featured_media":19366,"comment_status":"closed","ping_status":"open","sticky":false,"template":"","format":"standard","meta":{"footnotes":""},"categories":[1],"tags":[350,1115,8,6,117],"class_list":["post-19365","post","type-post","status-publish","format-standard","has-post-thumbnail","hentry","category-noticias","tag-arauco","tag-noticias","tag-yungay","tag-yungayino","tag-yungayinocl"],"_links":{"self":[{"href":"https:\/\/www.yungayino.cl\/noticias\/index.php?rest_route=\/wp\/v2\/posts\/19365","targetHints":{"allow":["GET"]}}],"collection":[{"href":"https:\/\/www.yungayino.cl\/noticias\/index.php?rest_route=\/wp\/v2\/posts"}],"about":[{"href":"https:\/\/www.yungayino.cl\/noticias\/index.php?rest_route=\/wp\/v2\/types\/post"}],"author":[{"embeddable":true,"href":"https:\/\/www.yungayino.cl\/noticias\/index.php?rest_route=\/wp\/v2\/users\/2"}],"replies":[{"embeddable":true,"href":"https:\/\/www.yungayino.cl\/noticias\/index.php?rest_route=%2Fwp%2Fv2%2Fcomments&post=19365"}],"version-history":[{"count":3,"href":"https:\/\/www.yungayino.cl\/noticias\/index.php?rest_route=\/wp\/v2\/posts\/19365\/revisions"}],"predecessor-version":[{"id":19369,"href":"https:\/\/www.yungayino.cl\/noticias\/index.php?rest_route=\/wp\/v2\/posts\/19365\/revisions\/19369"}],"wp:featuredmedia":[{"embeddable":true,"href":"https:\/\/www.yungayino.cl\/noticias\/index.php?rest_route=\/wp\/v2\/media\/19366"}],"wp:attachment":[{"href":"https:\/\/www.yungayino.cl\/noticias\/index.php?rest_route=%2Fwp%2Fv2%2Fmedia&parent=19365"}],"wp:term":[{"taxonomy":"category","embeddable":true,"href":"https:\/\/www.yungayino.cl\/noticias\/index.php?rest_route=%2Fwp%2Fv2%2Fcategories&post=19365"},{"taxonomy":"post_tag","embeddable":true,"href":"https:\/\/www.yungayino.cl\/noticias\/index.php?rest_route=%2Fwp%2Fv2%2Ftags&post=19365"}],"curies":[{"name":"wp","href":"https:\/\/api.w.org\/{rel}","templated":true}]}}