{"id":19374,"date":"2018-07-28T00:05:07","date_gmt":"2018-07-28T03:05:07","guid":{"rendered":"http:\/\/www.yungayino.cl\/noticias\/?p=19374"},"modified":"2018-07-28T00:05:07","modified_gmt":"2018-07-28T03:05:07","slug":"cortes-de-transito-en-yungay-por-reposicion-pavimentacion-calle-arturo-prat","status":"publish","type":"post","link":"https:\/\/www.yungayino.cl\/noticias\/?p=19374","title":{"rendered":"Cortes de Tr\u00e1nsito en Yungay por Reposici\u00f3n Pavimentaci\u00f3n Calle Arturo Prat"},"content":{"rendered":"<p>Yungay, S\u00e1bado 28 de Julio 2018: La Municipalidad de Yungay informa suspensi\u00f3n de tr\u00e1nsito vehicular en calzada completa de la calle Arturo Prat, entre calles Tacna y Pisagua, a fin de ejecutar la obra denominada \u201cReposici\u00f3n Pavimentaci\u00f3n calle Arturo Prat, ciudad Yungay\u201d, por parte de la Empresa Comercial Industrial Santa Olga Ltda., a contar <strong>desde el 31 de julio y hasta el 19 de octubre 2018<\/strong>.<\/p>\n<p>&nbsp;<\/p>\n<p><iframe loading=\"lazy\" style=\"border: none; overflow: hidden;\" src=\"https:\/\/www.facebook.com\/plugins\/post.php?href=https:\/\/www.facebook.com\/media\/set\/?set=a.2184384294909931.1073743306.159561284058919&amp;type=1&amp;l=baf2116357&amp;l=a77e327dc6&amp;l=f5951f1994&amp;l=bfecbb8adf&amp;l=687b6bf5da&amp;width=500&amp;show_text=true&amp;height=691&amp;appId\" width=\"500\" height=\"691\" frameborder=\"0\" scrolling=\"no\"><\/iframe><\/p>\n<p>&nbsp;<\/p>\n<p>La empresa responsable de la obra, para los efectos de la intervenci\u00f3n de la calle Arturo Prat, deber\u00e1 mantener en todo momento expeditas y debidamente se\u00f1alizadas las calles alternativas de circulaci\u00f3n para todo tipo de veh\u00edculos y en especial para las del transporte p\u00fablico rural e interurbano y del transporte de carga, calles que le ser\u00e1n indicadas en Direcci\u00f3n de Tr\u00e1nsito de la Municipalidad de Yungay. Cuando corresponda, deber\u00e1 considerar Bandereros para complementar la se\u00f1al\u00e9tica de referidas suspensiones de tr\u00e1nsito.<\/p>\n<p>Finalmente la Empresa responsable de la Obra, deber\u00e1 considerar en todo instante en la calle intervenida y en otras afectadas por la Obra, el acceso de veh\u00edculos de emergencia, de residentes, as\u00ed como la carga y descarga en locales comerciales, que pudieran existir en el Sector afectado por los trabajos.<\/p>\n<p>&nbsp;<\/p>\n<p>[su_button url=\u00bbhttps:\/\/www.facebook.com\/media\/set\/?set=a.2184384294909931.1073743306.159561284058919&amp;type=1&amp;l=baf2116357&#8243; target=\u00bbblank\u00bb size=\u00bb7&#8243; radius=\u00bbround\u00bb icon=\u00bbicon: facebook-square\u00bb]FOTOGRAF\u00cdAS &#8211; Cortes de Tr\u00e1nsito en Yungay por Reposici\u00f3n Pavimentaci\u00f3n Calle Arturo Prat[\/su_button]<\/p>\n","protected":false},"excerpt":{"rendered":"<p>Yungay, S\u00e1bado 28 de Julio 2018: La Municipalidad de Yungay informa suspensi\u00f3n de tr\u00e1nsito vehicular en calzada completa de la calle Arturo Prat, entre calles Tacna y Pisagua, a fin de ejecutar la obra&#46;&#46;&#46;<\/p>\n","protected":false},"author":2,"featured_media":0,"comment_status":"closed","ping_status":"open","sticky":false,"template":"","format":"standard","meta":{"footnotes":""},"categories":[3,1],"tags":[1307,1115,742,1767,8,6,117],"class_list":["post-19374","post","type-post","status-publish","format-standard","hentry","category-actualidad","category-noticias","tag-calle-arturo-prat","tag-noticias","tag-pavimentacion","tag-transito","tag-yungay","tag-yungayino","tag-yungayinocl"],"_links":{"self":[{"href":"https:\/\/www.yungayino.cl\/noticias\/index.php?rest_route=\/wp\/v2\/posts\/19374","targetHints":{"allow":["GET"]}}],"collection":[{"href":"https:\/\/www.yungayino.cl\/noticias\/index.php?rest_route=\/wp\/v2\/posts"}],"about":[{"href":"https:\/\/www.yungayino.cl\/noticias\/index.php?rest_route=\/wp\/v2\/types\/post"}],"author":[{"embeddable":true,"href":"https:\/\/www.yungayino.cl\/noticias\/index.php?rest_route=\/wp\/v2\/users\/2"}],"replies":[{"embeddable":true,"href":"https:\/\/www.yungayino.cl\/noticias\/index.php?rest_route=%2Fwp%2Fv2%2Fcomments&post=19374"}],"version-history":[{"count":2,"href":"https:\/\/www.yungayino.cl\/noticias\/index.php?rest_route=\/wp\/v2\/posts\/19374\/revisions"}],"predecessor-version":[{"id":19376,"href":"https:\/\/www.yungayino.cl\/noticias\/index.php?rest_route=\/wp\/v2\/posts\/19374\/revisions\/19376"}],"wp:attachment":[{"href":"https:\/\/www.yungayino.cl\/noticias\/index.php?rest_route=%2Fwp%2Fv2%2Fmedia&parent=19374"}],"wp:term":[{"taxonomy":"category","embeddable":true,"href":"https:\/\/www.yungayino.cl\/noticias\/index.php?rest_route=%2Fwp%2Fv2%2Fcategories&post=19374"},{"taxonomy":"post_tag","embeddable":true,"href":"https:\/\/www.yungayino.cl\/noticias\/index.php?rest_route=%2Fwp%2Fv2%2Ftags&post=19374"}],"curies":[{"name":"wp","href":"https:\/\/api.w.org\/{rel}","templated":true}]}}