{"id":19377,"date":"2018-07-29T20:00:48","date_gmt":"2018-07-29T23:00:48","guid":{"rendered":"http:\/\/www.yungayino.cl\/noticias\/?p=19377"},"modified":"2018-07-29T22:36:02","modified_gmt":"2018-07-30T01:36:02","slug":"proyecto-solidario-una-casa-para-matias-resulto-todo-un-exito","status":"publish","type":"post","link":"https:\/\/www.yungayino.cl\/noticias\/?p=19377","title":{"rendered":"Proyecto Solidario \u201cUna Casa Para Mat\u00edas\u201d Result\u00f3 Todo un \u00c9xito"},"content":{"rendered":"<p><img loading=\"lazy\" decoding=\"async\" class=\"alignnone size-full wp-image-19378\" src=\"http:\/\/www.yungayino.cl\/noticias\/wp-content\/uploads\/2018\/07\/ayuda_matias_2018.jpg\" alt=\"\" width=\"700\" height=\"330\" srcset=\"https:\/\/www.yungayino.cl\/noticias\/wp-content\/uploads\/2018\/07\/ayuda_matias_2018.jpg 700w, https:\/\/www.yungayino.cl\/noticias\/wp-content\/uploads\/2018\/07\/ayuda_matias_2018-300x141.jpg 300w, https:\/\/www.yungayino.cl\/noticias\/wp-content\/uploads\/2018\/07\/ayuda_matias_2018-318x150.jpg 318w, https:\/\/www.yungayino.cl\/noticias\/wp-content\/uploads\/2018\/07\/ayuda_matias_2018-520x245.jpg 520w, https:\/\/www.yungayino.cl\/noticias\/wp-content\/uploads\/2018\/07\/ayuda_matias_2018-720x340.jpg 720w\" sizes=\"auto, (max-width: 700px) 100vw, 700px\" \/><\/p>\n<p style=\"text-align: justify;\">Yungay, domingo 29 de julio 2018: Con gran \u00e9xito concluyo el Proyecto Solidario <strong>\u201cUna Casa Para Mat\u00edas<\/strong>\u201d, la cual fue inaugurada el pasado viernes 20 de julio en el Sector Rinconada camino a Hu\u00e9pil, donde asistieron gran parte de los colaboradores de esta gran ayuda solidaria, quienes adem\u00e1s celebraron el cumplea\u00f1os n\u00famero 11 de Mat\u00edas junto a su padres Adriana y Alejandro.<\/p>\n<p style=\"text-align: justify;\"><iframe loading=\"lazy\" style=\"border: none; overflow: hidden;\" src=\"https:\/\/www.facebook.com\/plugins\/post.php?href=https:\/\/www.facebook.com\/media\/set\/?set=a.2187711854577175.1073743307.159561284058919&amp;type=1&amp;l=d6c9608678&amp;l=a77e327dc6&amp;l=f5951f1994&amp;l=bfecbb8adf&amp;l=687b6bf5da&amp;width=500&amp;show_text=true&amp;height=691&amp;appId\" width=\"500\" height=\"691\" frameborder=\"0\" scrolling=\"no\"><\/iframe><\/p>\n<p style=\"text-align: justify;\">Se\u00f1alar que \u201cMat\u00edas\u201d sufre el s\u00edndrome de <strong>Toriello-Carey, <\/strong>donde se conocen 15 casos en el mundo y en Chile es el \u00fanico<strong>.<\/strong> El s\u00edndrome es de anomal\u00edas cong\u00e9nitas m\u00faltiples caracterizado por rasgos dism\u00f3rficos craneofaciales, anomal\u00edas cerebrales, dificultades para tragar, defectos card\u00edacos e hipoton\u00eda.<\/p>\n<p style=\"text-align: justify;\">Destacar que esta campa\u00f1a solidaria comenz\u00f3 hace 3 meses la cual fue liderada por Cintia S\u00e1ez, Prevencioncita de la Empresa L y V, qui\u00e9n con todo el Equipo de la Empresa L y V comenzaron a trabajar e impulsar ideas y tocar m\u00e1s puertas para cumplir el sue\u00f1o de construir una nueva casa para \u201cMat\u00edas\u201d y su familia, y as\u00ed mejorar su calidad de vida.<\/p>\n<p style=\"text-align: justify;\"><strong>Cintia S\u00e1ez<\/strong>, destaco al Portal Yungayino.cl, su agradecimiento a la Empresa Arauco y las Empresas Prestadoras de Servicios, quienes se organizaron y realizaron varias campa\u00f1as internas en las diferentes \u00e1reas y departamentos lo que permiti\u00f3 reunir fondos para lograr este sue\u00f1o para Mat\u00edas y su familia.<\/p>\n<p style=\"text-align: justify;\">Finalmente Cintia S\u00e1ez, agradeci\u00f3 enormemente en nombre de la Familia de Mat\u00edas todo el apoyo y ayuda entregada a esta noble causa que llego a buen t\u00e9rmino y logrando m\u00e1s de lo esperado, y en especial agradeci\u00f3 a todo el Equipo de L y V Lltda.<\/p>\n<p style=\"text-align: justify;\">[su_button url=\u00bbhttps:\/\/www.facebook.com\/media\/set\/?set=a.2187711854577175.1073743307.159561284058919&amp;type=1&amp;l=d6c9608678&#8243; target=\u00bbblank\u00bb size=\u00bb7&#8243; radius=\u00bbround\u00bb icon=\u00bbicon: facebook-square\u00bb]FOTOGRAF\u00cdAS &#8211; Proyecto Solidario \u201cUna Casa Para Mat\u00edas\u201d Resulto Todo un \u00c9xito[\/su_button]<\/p>\n","protected":false},"excerpt":{"rendered":"<p>Yungay, domingo 29 de julio 2018: Con gran \u00e9xito concluyo el Proyecto Solidario \u201cUna Casa Para Mat\u00edas\u201d, la cual fue inaugurada el pasado viernes 20 de julio en el Sector Rinconada camino a Hu\u00e9pil,&#46;&#46;&#46;<\/p>\n","protected":false},"author":2,"featured_media":19378,"comment_status":"closed","ping_status":"open","sticky":false,"template":"","format":"standard","meta":{"footnotes":""},"categories":[1],"tags":[1115,1769,1768,8,6,117],"class_list":["post-19377","post","type-post","status-publish","format-standard","has-post-thumbnail","hentry","category-noticias","tag-noticias","tag-proyecto-solidario","tag-una-casa-para-matias","tag-yungay","tag-yungayino","tag-yungayinocl"],"_links":{"self":[{"href":"https:\/\/www.yungayino.cl\/noticias\/index.php?rest_route=\/wp\/v2\/posts\/19377","targetHints":{"allow":["GET"]}}],"collection":[{"href":"https:\/\/www.yungayino.cl\/noticias\/index.php?rest_route=\/wp\/v2\/posts"}],"about":[{"href":"https:\/\/www.yungayino.cl\/noticias\/index.php?rest_route=\/wp\/v2\/types\/post"}],"author":[{"embeddable":true,"href":"https:\/\/www.yungayino.cl\/noticias\/index.php?rest_route=\/wp\/v2\/users\/2"}],"replies":[{"embeddable":true,"href":"https:\/\/www.yungayino.cl\/noticias\/index.php?rest_route=%2Fwp%2Fv2%2Fcomments&post=19377"}],"version-history":[{"count":2,"href":"https:\/\/www.yungayino.cl\/noticias\/index.php?rest_route=\/wp\/v2\/posts\/19377\/revisions"}],"predecessor-version":[{"id":19380,"href":"https:\/\/www.yungayino.cl\/noticias\/index.php?rest_route=\/wp\/v2\/posts\/19377\/revisions\/19380"}],"wp:featuredmedia":[{"embeddable":true,"href":"https:\/\/www.yungayino.cl\/noticias\/index.php?rest_route=\/wp\/v2\/media\/19378"}],"wp:attachment":[{"href":"https:\/\/www.yungayino.cl\/noticias\/index.php?rest_route=%2Fwp%2Fv2%2Fmedia&parent=19377"}],"wp:term":[{"taxonomy":"category","embeddable":true,"href":"https:\/\/www.yungayino.cl\/noticias\/index.php?rest_route=%2Fwp%2Fv2%2Fcategories&post=19377"},{"taxonomy":"post_tag","embeddable":true,"href":"https:\/\/www.yungayino.cl\/noticias\/index.php?rest_route=%2Fwp%2Fv2%2Ftags&post=19377"}],"curies":[{"name":"wp","href":"https:\/\/api.w.org\/{rel}","templated":true}]}}