{"id":19381,"date":"2018-08-01T10:00:10","date_gmt":"2018-08-01T13:00:10","guid":{"rendered":"http:\/\/www.yungayino.cl\/noticias\/?p=19381"},"modified":"2018-08-01T13:42:26","modified_gmt":"2018-08-01T16:42:26","slug":"municipalidad-de-yungay-invita-a-celebrar-dia-del-nino","status":"publish","type":"post","link":"https:\/\/www.yungayino.cl\/noticias\/?p=19381","title":{"rendered":"Municipalidad de Yungay Invita a Celebrar \u201cD\u00eda del Ni\u00f1o\u201d"},"content":{"rendered":"<p><img loading=\"lazy\" decoding=\"async\" class=\"alignnone size-full wp-image-19382\" src=\"http:\/\/www.yungayino.cl\/noticias\/wp-content\/uploads\/2018\/08\/dia-del-ni\u00f1o-2018.jpg\" alt=\"\" width=\"679\" height=\"960\" srcset=\"https:\/\/www.yungayino.cl\/noticias\/wp-content\/uploads\/2018\/08\/dia-del-ni\u00f1o-2018.jpg 679w, https:\/\/www.yungayino.cl\/noticias\/wp-content\/uploads\/2018\/08\/dia-del-ni\u00f1o-2018-212x300.jpg 212w, https:\/\/www.yungayino.cl\/noticias\/wp-content\/uploads\/2018\/08\/dia-del-ni\u00f1o-2018-106x150.jpg 106w\" sizes=\"auto, (max-width: 679px) 100vw, 679px\" \/><\/p>\n<p style=\"text-align: justify;\">Yungay, mi\u00e9rcoles 1 de agosto 2018: La Direcci\u00f3n de Desarrollo Comunitario de la Municipalidad de Yungay, est\u00e1 preparando un entretenido show infantil para todos los ni\u00f1os de la comuna.<\/p>\n<p style=\"text-align: justify;\">Esta actividad se llevar\u00e1 a cabo el viernes 3 de agosto en el Gimnasio de Campanario y el s\u00e1bado 4 de agosto en el Gimnasio de Yungay, en ambos lugares desde las 15:00 horas.<\/p>\n<p style=\"text-align: justify;\">Los peque\u00f1itos y peque\u00f1itas podr\u00e1n disfrutar de juegos infantiles, pinta caritas y muchas sorpresas.<\/p>\n<p><iframe loading=\"lazy\" src=\"https:\/\/www.facebook.com\/plugins\/post.php?href=https:\/\/www.facebook.com\/media\/set\/?set=a.2192112397470454.1073743308.159561284058919&#038;type=1&#038;l=e3ea0a34cf&#038;l=a77e327dc6&#038;l=f5951f1994&#038;l=bfecbb8adf&#038;l=687b6bf5da&#038;width=500&#038;show_text=true&#038;height=691&#038;appId\" width=\"500\" height=\"691\" style=\"border:none;overflow:hidden\" scrolling=\"no\" frameborder=\"0\" allowTransparency=\"true\"><\/iframe><\/p>\n<p style=\"text-align: justify;\">Destacar adem\u00e1s que se contar\u00e1 con locomoci\u00f3n para los siguientes sectores:<\/p>\n<p style=\"text-align: justify;\"><strong><u>Viernes 3 Agosto a Campanario:<\/u><\/strong><\/p>\n<p style=\"text-align: justify;\">14:00 horas: Sector El Roble, Sector La Palma y sector Pangal del Laja<\/p>\n<p style=\"text-align: justify;\">14:00 horas: Sector Ranchillos<\/p>\n<p style=\"text-align: justify;\">14:30 horas: Sector Tres Ranchos<\/p>\n<p style=\"text-align: justify;\">14:30 horas: Sector La Caba\u00f1a<\/p>\n<p style=\"text-align: justify;\"><strong><u>S\u00e1bado 4 Agosto a Yungay<\/u><\/strong><\/p>\n<p style=\"text-align: justify;\">14:00 horas: Sector El Castillo, Sector Los Laureles, Sector san Antonio, Sector Los Mayos<\/p>\n<p style=\"text-align: justify;\">14:00 horas: Sector San Miguel de Itata, Sector rinconada de Itata, Sector Pedregal<\/p>\n<p style=\"text-align: justify;\">14:00 horas: Sector Los Puquios<\/p>\n<p style=\"text-align: justify;\">14:00 horas: Sector Pallahuala<\/p>\n<p style=\"text-align: justify;\">14:30 horas: Sector Chillancito<\/p>\n<p style=\"text-align: justify;\">14:30 horas: Sector Curapaso<\/p>\n<p style=\"text-align: justify;\">[su_button url=\u00bbhttps:\/\/www.facebook.com\/media\/set\/?set=a.2192112397470454.1073743308.159561284058919&amp;type=1&amp;l=e3ea0a34cf\u00bb target=\u00bbblank\u00bb size=\u00bb7&#8243; radius=\u00bbround\u00bb icon=\u00bbicon: facebook-square\u00bb]FOTOGRAF\u00cdAS &#8211; Municipalidad de Yungay Invita a Celebrar \u201cD\u00eda del Ni\u00f1o\u201d[\/su_button]<\/p>\n","protected":false},"excerpt":{"rendered":"<p>Yungay, mi\u00e9rcoles 1 de agosto 2018: La Direcci\u00f3n de Desarrollo Comunitario de la Municipalidad de Yungay, est\u00e1 preparando un entretenido show infantil para todos los ni\u00f1os de la comuna. Esta actividad se llevar\u00e1 a&#46;&#46;&#46;<\/p>\n","protected":false},"author":2,"featured_media":19382,"comment_status":"closed","ping_status":"open","sticky":false,"template":"","format":"standard","meta":{"footnotes":""},"categories":[5,1],"tags":[230,1115,8,6,117],"class_list":["post-19381","post","type-post","status-publish","format-standard","has-post-thumbnail","hentry","category-eventos","category-noticias","tag-dia-del-nino","tag-noticias","tag-yungay","tag-yungayino","tag-yungayinocl"],"_links":{"self":[{"href":"https:\/\/www.yungayino.cl\/noticias\/index.php?rest_route=\/wp\/v2\/posts\/19381","targetHints":{"allow":["GET"]}}],"collection":[{"href":"https:\/\/www.yungayino.cl\/noticias\/index.php?rest_route=\/wp\/v2\/posts"}],"about":[{"href":"https:\/\/www.yungayino.cl\/noticias\/index.php?rest_route=\/wp\/v2\/types\/post"}],"author":[{"embeddable":true,"href":"https:\/\/www.yungayino.cl\/noticias\/index.php?rest_route=\/wp\/v2\/users\/2"}],"replies":[{"embeddable":true,"href":"https:\/\/www.yungayino.cl\/noticias\/index.php?rest_route=%2Fwp%2Fv2%2Fcomments&post=19381"}],"version-history":[{"count":3,"href":"https:\/\/www.yungayino.cl\/noticias\/index.php?rest_route=\/wp\/v2\/posts\/19381\/revisions"}],"predecessor-version":[{"id":19385,"href":"https:\/\/www.yungayino.cl\/noticias\/index.php?rest_route=\/wp\/v2\/posts\/19381\/revisions\/19385"}],"wp:featuredmedia":[{"embeddable":true,"href":"https:\/\/www.yungayino.cl\/noticias\/index.php?rest_route=\/wp\/v2\/media\/19382"}],"wp:attachment":[{"href":"https:\/\/www.yungayino.cl\/noticias\/index.php?rest_route=%2Fwp%2Fv2%2Fmedia&parent=19381"}],"wp:term":[{"taxonomy":"category","embeddable":true,"href":"https:\/\/www.yungayino.cl\/noticias\/index.php?rest_route=%2Fwp%2Fv2%2Fcategories&post=19381"},{"taxonomy":"post_tag","embeddable":true,"href":"https:\/\/www.yungayino.cl\/noticias\/index.php?rest_route=%2Fwp%2Fv2%2Ftags&post=19381"}],"curies":[{"name":"wp","href":"https:\/\/api.w.org\/{rel}","templated":true}]}}