{"id":19395,"date":"2018-08-04T21:00:17","date_gmt":"2018-08-05T00:00:17","guid":{"rendered":"http:\/\/www.yungayino.cl\/noticias\/?p=19395"},"modified":"2018-08-04T22:24:36","modified_gmt":"2018-08-05T01:24:36","slug":"cientos-de-ninos-as-disfrutaron-de-la-celebracion-dia-del-nino-organizado-por-la-municipalidad-de-yungay","status":"publish","type":"post","link":"https:\/\/www.yungayino.cl\/noticias\/?p=19395","title":{"rendered":"Cientos de Ni\u00f1os (as) Disfrutaron de la \u201cCelebraci\u00f3n D\u00eda del Ni\u00f1o\u201d Organizado  por la Municipalidad de Yungay"},"content":{"rendered":"<p><img loading=\"lazy\" decoding=\"async\" class=\"alignnone size-full wp-image-19396\" src=\"http:\/\/www.yungayino.cl\/noticias\/wp-content\/uploads\/2018\/08\/dia_ni\u00f1o_yungay_2018.jpg\" alt=\"\" width=\"700\" height=\"350\" srcset=\"https:\/\/www.yungayino.cl\/noticias\/wp-content\/uploads\/2018\/08\/dia_ni\u00f1o_yungay_2018.jpg 700w, https:\/\/www.yungayino.cl\/noticias\/wp-content\/uploads\/2018\/08\/dia_ni\u00f1o_yungay_2018-300x150.jpg 300w\" sizes=\"auto, (max-width: 700px) 100vw, 700px\" \/><\/p>\n<p style=\"text-align: justify;\">Yungay, s\u00e1bado 04 de agosto 2018: Desde las 15:00 horas en el Sal\u00f3n Comunitario Multiuso, se realiz\u00f3 la actividad de celebraci\u00f3n \u201cD\u00eda del Ni\u00f1o\u201d, donde una multitudinaria asistencia de peque\u00f1os acompa\u00f1ados de sus papitos, provenientes de Los Mayos, El Laurel, San Antonio, San Miguel de Itata, El Cardal, Pedregal, Rinconada del Itata y Yungay disfrutaron del Show infantil, magia, personajes animados, caritas pintadas, juegos inflables, camas el\u00e1sticas, etc., donde adem\u00e1s recibieron la entrega de dulces, globos, y muchas sorpresas m\u00e1s.<\/p>\n<p style=\"text-align: justify;\"><iframe loading=\"lazy\" style=\"border: none; overflow: hidden;\" src=\"https:\/\/www.facebook.com\/plugins\/post.php?href=https:\/\/www.facebook.com\/media\/set\/?set=a.2197982663550094.1073743311.159561284058919&amp;type=1&amp;l=7b370c34d2&amp;l=a77e327dc6&amp;l=f5951f1994&amp;l=bfecbb8adf&amp;l=687b6bf5da&amp;width=500&amp;show_text=true&amp;height=691&amp;appId\" width=\"500\" height=\"691\" frameborder=\"0\" scrolling=\"no\"><\/iframe><\/p>\n<p style=\"text-align: justify;\">Fue una tarde llena de alegr\u00eda y entretenimiento la que cientos de ni\u00f1os (as) de Yungay pudieron disfrutar de esta hermosa fiesta acompa\u00f1ados de sus pap\u00e1s, mam\u00e1s, abuelitas y familia en general, la cual fue organizada con mucho cari\u00f1o por la Municipalidad y todo el Equipo del Departamento de Desarrollo Comunitario (DIDECO) liderado por su Jefa Sra. Pamela Jelves Acu\u00f1a.<\/p>\n<p style=\"text-align: justify;\">Destacar que Bomberos de Yungay como es tradicional tambi\u00e9n se hizo presente en esta fiesta realizando paseos a los ni\u00f1os de manera gratuita por la calles de nuestra comuna.<\/p>\n<p style=\"text-align: justify;\">[su_button url=\u00bbhttps:\/\/www.facebook.com\/media\/set\/?set=a.2197982663550094.1073743311.159561284058919&amp;type=1&amp;l=7b370c34d2&#8243; target=\u00bbblank\u00bb size=\u00bb7&#8243; radius=\u00bbround\u00bb icon=\u00bbicon: facebook-square\u00bb]FOTOGRAF\u00cdAS &#8211; Cientos de Ni\u00f1os (as) Disfrutaron de la \u201cCelebraci\u00f3n D\u00eda del Ni\u00f1o\u201d Organizado \u00a0por la Municipalidad de Yungay[\/su_button]<\/p>\n","protected":false},"excerpt":{"rendered":"<p>Yungay, s\u00e1bado 04 de agosto 2018: Desde las 15:00 horas en el Sal\u00f3n Comunitario Multiuso, se realiz\u00f3 la actividad de celebraci\u00f3n \u201cD\u00eda del Ni\u00f1o\u201d, donde una multitudinaria asistencia de peque\u00f1os acompa\u00f1ados de sus papitos,&#46;&#46;&#46;<\/p>\n","protected":false},"author":2,"featured_media":19396,"comment_status":"closed","ping_status":"open","sticky":false,"template":"","format":"standard","meta":{"footnotes":""},"categories":[1],"tags":[230,1115,8,6,117],"class_list":["post-19395","post","type-post","status-publish","format-standard","has-post-thumbnail","hentry","category-noticias","tag-dia-del-nino","tag-noticias","tag-yungay","tag-yungayino","tag-yungayinocl"],"_links":{"self":[{"href":"https:\/\/www.yungayino.cl\/noticias\/index.php?rest_route=\/wp\/v2\/posts\/19395","targetHints":{"allow":["GET"]}}],"collection":[{"href":"https:\/\/www.yungayino.cl\/noticias\/index.php?rest_route=\/wp\/v2\/posts"}],"about":[{"href":"https:\/\/www.yungayino.cl\/noticias\/index.php?rest_route=\/wp\/v2\/types\/post"}],"author":[{"embeddable":true,"href":"https:\/\/www.yungayino.cl\/noticias\/index.php?rest_route=\/wp\/v2\/users\/2"}],"replies":[{"embeddable":true,"href":"https:\/\/www.yungayino.cl\/noticias\/index.php?rest_route=%2Fwp%2Fv2%2Fcomments&post=19395"}],"version-history":[{"count":3,"href":"https:\/\/www.yungayino.cl\/noticias\/index.php?rest_route=\/wp\/v2\/posts\/19395\/revisions"}],"predecessor-version":[{"id":19399,"href":"https:\/\/www.yungayino.cl\/noticias\/index.php?rest_route=\/wp\/v2\/posts\/19395\/revisions\/19399"}],"wp:featuredmedia":[{"embeddable":true,"href":"https:\/\/www.yungayino.cl\/noticias\/index.php?rest_route=\/wp\/v2\/media\/19396"}],"wp:attachment":[{"href":"https:\/\/www.yungayino.cl\/noticias\/index.php?rest_route=%2Fwp%2Fv2%2Fmedia&parent=19395"}],"wp:term":[{"taxonomy":"category","embeddable":true,"href":"https:\/\/www.yungayino.cl\/noticias\/index.php?rest_route=%2Fwp%2Fv2%2Fcategories&post=19395"},{"taxonomy":"post_tag","embeddable":true,"href":"https:\/\/www.yungayino.cl\/noticias\/index.php?rest_route=%2Fwp%2Fv2%2Ftags&post=19395"}],"curies":[{"name":"wp","href":"https:\/\/api.w.org\/{rel}","templated":true}]}}