{"id":19448,"date":"2018-08-13T18:00:45","date_gmt":"2018-08-13T21:00:45","guid":{"rendered":"http:\/\/www.yungayino.cl\/noticias\/?p=19448"},"modified":"2018-08-13T20:34:33","modified_gmt":"2018-08-13T23:34:33","slug":"carabineros-de-yungay-hizo-posible-emotivo-reencuentro-familiar-luego-de-35-anos","status":"publish","type":"post","link":"https:\/\/www.yungayino.cl\/noticias\/?p=19448","title":{"rendered":"Carabineros de Yungay Hizo Posible Emotivo Reencuentro Familiar Luego de 35 A\u00f1os"},"content":{"rendered":"<p><img loading=\"lazy\" decoding=\"async\" class=\"alignnone size-full wp-image-19449\" src=\"http:\/\/www.yungayino.cl\/noticias\/wp-content\/uploads\/2018\/08\/carabineros_reencuentro_201808.jpg\" alt=\"\" width=\"700\" height=\"350\" srcset=\"https:\/\/www.yungayino.cl\/noticias\/wp-content\/uploads\/2018\/08\/carabineros_reencuentro_201808.jpg 700w, https:\/\/www.yungayino.cl\/noticias\/wp-content\/uploads\/2018\/08\/carabineros_reencuentro_201808-300x150.jpg 300w\" sizes=\"auto, (max-width: 700px) 100vw, 700px\" \/><\/p>\n<p style=\"text-align: justify;\">Yungay, lunes 13 de agosto 2018: Un emotivo reencuentro familiar logr\u00f3 Carabineros de la Cuarta Comisar\u00eda de Yungay liderada por el Suboficial Mayor Sr. Juan Carlos Espinoza a trav\u00e9s de la Oficina de Asuntos Comunitarios.<\/p>\n<p style=\"text-align: justify;\">El Suboficial Mayor Sr. <strong>Juan Carlos Espinoza<\/strong>, se\u00f1alo al Equipo del Portal Yungayino.cl que en el mes de mayo del presente a\u00f1o, concurri\u00f3 a la Oficina de Asuntos Comunitarios de la Cuarta Comisar\u00eda de Yungay el Sr. <strong>Jos\u00e9 Mansilla Aguilera <\/strong>de 59 a\u00f1os, quien solicit\u00f3 al Suboficial Mayor la cooperaci\u00f3n para ubicar a su hermana, <strong>Sra. Ingrid Catherine Jaque Aguilera<\/strong> de 42 a\u00f1os, con la cual hab\u00eda perdido todo tipo de contacto hace 35 a\u00f1os a la fecha, ya que por razones familiares tuvo que separarse de su grupo familiar traslad\u00e1ndose a la ciudad de Concepci\u00f3n.<\/p>\n<p style=\"text-align: justify;\"><iframe loading=\"lazy\" style=\"border: none; overflow: hidden;\" src=\"https:\/\/www.facebook.com\/plugins\/post.php?href=https:\/\/www.facebook.com\/media\/set\/?set=a.2213921858622841.1073743316.159561284058919&amp;type=1&amp;l=a5e94b445f&amp;l=a77e327dc6&amp;l=f5951f1994&amp;l=bfecbb8adf&amp;l=687b6bf5da&amp;width=500&amp;show_text=true&amp;height=691&amp;appId\" width=\"500\" height=\"691\" frameborder=\"0\" scrolling=\"no\"><\/iframe><\/p>\n<p style=\"text-align: justify;\">Efectuadas las consultas al Registro Civil e Identificaci\u00f3n, y a trav\u00e9s de los respectivos certificados de nacimiento, se pudo establecer un domicilio de su hermana en la ciudad de Villarrica en la Novena Regi\u00f3n, por lo cual Personal de Carabineros de la S\u00e9ptima Comisar\u00eda de esa ciudad logr\u00f3 ubicar a la Sra. Ingrid Catherine Jaque Aguilera y a quien se le dio a conocer la situaci\u00f3n, accediendo a un reencuentro con su hermano.<\/p>\n<p style=\"text-align: justify;\">Fue as\u00ed que el emotivo reencuentro y momento tan anhelado por ellos se llev\u00f3 a cabo este s\u00e1bado 11 de agosto, donde de manera voluntaria el Suboficial Mayor Sr. Juan Carlos Espinoza viaj\u00f3 con el Sr. Jos\u00e9 Mansilla Aguilera a la ciudad de Villarrica, ocasi\u00f3n en la que los dos hermanos, separados desde hace 35 a\u00f1os, pudieron verse nuevamente frente a frente, y sellar en un abrazo a\u00f1os sin saber el uno del otro. Posterior al reencuentro ambos hermanos y familiares se dirigieron al Cementerio Ind\u00edgena del Sector Catrico, lugar donde reposan los restos de su Sra. Madre Claudina Aguilera Curilen (Q.E.P.D) fallecida en el a\u00f1o 2014, momento lleno de emoci\u00f3n pero a la vez de alegr\u00eda por tener reunidos a parte de los hijos destac\u00f3 el Suboficial Mayor Sr. Juan Carlos Espinoza a nuestro Medio de Comunicaci\u00f3n.<\/p>\n<p style=\"text-align: justify;\">Finalmente el <strong>Suboficial Mayor Sr. Juan Carlos Espinoza<\/strong>, se\u00f1alo al Equipo del Portal Yungayino.cl, que Carabineros de la Cuarta Comisar\u00eda de Yungay est\u00e1 dispuesta a apoyar reencuentros no s\u00f3lo familiares, sino que en general, por lo cual destaca se trata de una labor que la ciudadan\u00eda poco conoce.<\/p>\n<p style=\"text-align: justify;\">[su_button url=\u00bbhttps:\/\/www.facebook.com\/media\/set\/?set=a.2213921858622841.1073743316.159561284058919&amp;type=1&amp;l=a5e94b445f\u00bb target=\u00bbblank\u00bb size=\u00bb7&#8243; radius=\u00bbround\u00bb icon=\u00bbicon: facebook-square\u00bb]FOTOGRAF\u00cdAS &#8211; Carabineros de Yungay Hizo Posible Emotivo Reencuentro Familiar Luego de 35 A\u00f1os[\/su_button]<\/p>\n","protected":false},"excerpt":{"rendered":"<p>Yungay, lunes 13 de agosto 2018: Un emotivo reencuentro familiar logr\u00f3 Carabineros de la Cuarta Comisar\u00eda de Yungay liderada por el Suboficial Mayor Sr. Juan Carlos Espinoza a trav\u00e9s de la Oficina de Asuntos&#46;&#46;&#46;<\/p>\n","protected":false},"author":2,"featured_media":19449,"comment_status":"closed","ping_status":"open","sticky":false,"template":"","format":"standard","meta":{"footnotes":""},"categories":[1],"tags":[25,1115,1773,8,6,117],"class_list":["post-19448","post","type-post","status-publish","format-standard","has-post-thumbnail","hentry","category-noticias","tag-carabineros","tag-noticias","tag-reencuentro-familiar","tag-yungay","tag-yungayino","tag-yungayinocl"],"_links":{"self":[{"href":"https:\/\/www.yungayino.cl\/noticias\/index.php?rest_route=\/wp\/v2\/posts\/19448","targetHints":{"allow":["GET"]}}],"collection":[{"href":"https:\/\/www.yungayino.cl\/noticias\/index.php?rest_route=\/wp\/v2\/posts"}],"about":[{"href":"https:\/\/www.yungayino.cl\/noticias\/index.php?rest_route=\/wp\/v2\/types\/post"}],"author":[{"embeddable":true,"href":"https:\/\/www.yungayino.cl\/noticias\/index.php?rest_route=\/wp\/v2\/users\/2"}],"replies":[{"embeddable":true,"href":"https:\/\/www.yungayino.cl\/noticias\/index.php?rest_route=%2Fwp%2Fv2%2Fcomments&post=19448"}],"version-history":[{"count":1,"href":"https:\/\/www.yungayino.cl\/noticias\/index.php?rest_route=\/wp\/v2\/posts\/19448\/revisions"}],"predecessor-version":[{"id":19450,"href":"https:\/\/www.yungayino.cl\/noticias\/index.php?rest_route=\/wp\/v2\/posts\/19448\/revisions\/19450"}],"wp:featuredmedia":[{"embeddable":true,"href":"https:\/\/www.yungayino.cl\/noticias\/index.php?rest_route=\/wp\/v2\/media\/19449"}],"wp:attachment":[{"href":"https:\/\/www.yungayino.cl\/noticias\/index.php?rest_route=%2Fwp%2Fv2%2Fmedia&parent=19448"}],"wp:term":[{"taxonomy":"category","embeddable":true,"href":"https:\/\/www.yungayino.cl\/noticias\/index.php?rest_route=%2Fwp%2Fv2%2Fcategories&post=19448"},{"taxonomy":"post_tag","embeddable":true,"href":"https:\/\/www.yungayino.cl\/noticias\/index.php?rest_route=%2Fwp%2Fv2%2Ftags&post=19448"}],"curies":[{"name":"wp","href":"https:\/\/api.w.org\/{rel}","templated":true}]}}