{"id":19459,"date":"2018-08-18T10:00:41","date_gmt":"2018-08-18T13:00:41","guid":{"rendered":"http:\/\/www.yungayino.cl\/noticias\/?p=19459"},"modified":"2018-08-18T15:39:40","modified_gmt":"2018-08-18T18:39:40","slug":"instalan-primera-senaletica-de-la-nueva-region-de-nuble-en-limite-entre-yungay-y-tucapel","status":"publish","type":"post","link":"https:\/\/www.yungayino.cl\/noticias\/?p=19459","title":{"rendered":"Instalan Primera Se\u00f1al\u00e9tica de la Nueva Regi\u00f3n de \u00d1uble en L\u00edmite entre Yungay y Tucapel"},"content":{"rendered":"<p><img loading=\"lazy\" decoding=\"async\" class=\"alignnone size-full wp-image-19460\" src=\"http:\/\/www.yungayino.cl\/noticias\/wp-content\/uploads\/2018\/08\/bienvenido_region_nuble.jpg\" alt=\"\" width=\"700\" height=\"311\" srcset=\"https:\/\/www.yungayino.cl\/noticias\/wp-content\/uploads\/2018\/08\/bienvenido_region_nuble.jpg 700w, https:\/\/www.yungayino.cl\/noticias\/wp-content\/uploads\/2018\/08\/bienvenido_region_nuble-300x133.jpg 300w, https:\/\/www.yungayino.cl\/noticias\/wp-content\/uploads\/2018\/08\/bienvenido_region_nuble-338x150.jpg 338w\" sizes=\"auto, (max-width: 700px) 100vw, 700px\" \/><\/p>\n<p style=\"text-align: justify;\">Yungay, s\u00e1bado 18 de agosto 2018: La Regi\u00f3n de \u00d1uble va tomando forma, ya que el pasado jueves 16, se concret\u00f3 uno de los hitos m\u00e1s importantes visibles para \u00d1uble en su cambio de divisi\u00f3n pol\u00edtico-administrativa, con la instalaci\u00f3n del primer letrero que marca el l\u00edmite regional entre Biob\u00edo y \u00d1uble, ubicado en la confluencia de las comunas de Yungay y Tucapel.<\/p>\n<p style=\"text-align: justify;\"><iframe loading=\"lazy\" style=\"border: none; overflow: hidden;\" src=\"https:\/\/www.facebook.com\/plugins\/post.php?href=https:\/\/www.facebook.com\/media\/set\/?set=a.2222713441077016&amp;type=1&amp;l=b5ebbc1441&amp;l=a77e327dc6&amp;l=f5951f1994&amp;l=bfecbb8adf&amp;l=687b6bf5da&amp;width=500&amp;show_text=true&amp;height=691&amp;appId\" width=\"500\" height=\"691\" frameborder=\"0\" scrolling=\"no\"><\/iframe><\/p>\n<p style=\"text-align: justify;\">En la ocasi\u00f3n el Delegado del Ministerio de Obras P\u00fablicas, Sr. Ignacio Vera, encabez\u00f3 la actividad que consisti\u00f3 en retirar el antiguo letrero que divid\u00eda a \u00d1uble como provincia, por <strong>\u201cBienvenidos a la Regi\u00f3n de \u00d1uble\u201d.<\/strong><\/p>\n<p style=\"text-align: justify;\">\u201cHemos trabajado arduamente todos los delegados para hacer que la regi\u00f3n sea regi\u00f3n, pero como dice el dicho, no hay que solo serlo sino parecerlo, y para eso se necesitan la se\u00f1ales y para poder complementar tanto fondo como forma, hay que cumplir cosas b\u00e1sicas como es delimitar la zona y con la direcci\u00f3n de vialidad nos hemos preocupado de tener las se\u00f1al\u00e9ticas correspondiente en todos los cambios de provincia progresivamente, para el 6 de septiembre tener todo complementado, tambi\u00e9n haremos lo mismo en la ruta 5 entrada por el norte y sur\u201d, explic\u00f3 el futuro Seremi del MOP. Fuente: <strong>soychile.cl<\/strong><\/p>\n<p style=\"text-align: justify;\">Fuente: soychile.cl<\/p>\n<p style=\"text-align: justify;\"><a href=\"http:\/\/www.soychile.cl\/Chillan\/Sociedad\/2018\/08\/17\/551208\/Instalan-primera-senaletica-de-la-nueva-region-de-Nuble-en-limite-entre-Yungay-y-Tucapel.aspx\">http:\/\/www.soychile.cl\/Chillan\/Sociedad\/2018\/08\/17\/551208\/Instalan-primera-senaletica-de-la-nueva-region-de-Nuble-en-limite-entre-Yungay-y-Tucapel.aspx<\/a><\/p>\n<p style=\"text-align: justify;\">[su_button url=\u00bbhttps:\/\/www.facebook.com\/media\/set\/?set=a.2222713441077016&amp;type=1&amp;l=b5ebbc1441&#8243; target=\u00bbblank\u00bb size=\u00bb7&#8243; radius=\u00bbround\u00bb icon=\u00bbicon: facebook-square\u00bb]FOTOGRAF\u00cdAS &#8211; Instalan Primera Se\u00f1al\u00e9tica de la Nueva Regi\u00f3n de \u00d1uble en L\u00edmite entre Yungay y Tucapel[\/su_button]<\/p>\n","protected":false},"excerpt":{"rendered":"<p>Yungay, s\u00e1bado 18 de agosto 2018: La Regi\u00f3n de \u00d1uble va tomando forma, ya que el pasado jueves 16, se concret\u00f3 uno de los hitos m\u00e1s importantes visibles para \u00d1uble en su cambio de&#46;&#46;&#46;<\/p>\n","protected":false},"author":2,"featured_media":19460,"comment_status":"closed","ping_status":"open","sticky":false,"template":"","format":"standard","meta":{"footnotes":""},"categories":[1],"tags":[1115,1610,104,8,6,117],"class_list":["post-19459","post","type-post","status-publish","format-standard","has-post-thumbnail","hentry","category-noticias","tag-noticias","tag-region-de-nuble","tag-tucapel","tag-yungay","tag-yungayino","tag-yungayinocl"],"_links":{"self":[{"href":"https:\/\/www.yungayino.cl\/noticias\/index.php?rest_route=\/wp\/v2\/posts\/19459","targetHints":{"allow":["GET"]}}],"collection":[{"href":"https:\/\/www.yungayino.cl\/noticias\/index.php?rest_route=\/wp\/v2\/posts"}],"about":[{"href":"https:\/\/www.yungayino.cl\/noticias\/index.php?rest_route=\/wp\/v2\/types\/post"}],"author":[{"embeddable":true,"href":"https:\/\/www.yungayino.cl\/noticias\/index.php?rest_route=\/wp\/v2\/users\/2"}],"replies":[{"embeddable":true,"href":"https:\/\/www.yungayino.cl\/noticias\/index.php?rest_route=%2Fwp%2Fv2%2Fcomments&post=19459"}],"version-history":[{"count":3,"href":"https:\/\/www.yungayino.cl\/noticias\/index.php?rest_route=\/wp\/v2\/posts\/19459\/revisions"}],"predecessor-version":[{"id":19463,"href":"https:\/\/www.yungayino.cl\/noticias\/index.php?rest_route=\/wp\/v2\/posts\/19459\/revisions\/19463"}],"wp:featuredmedia":[{"embeddable":true,"href":"https:\/\/www.yungayino.cl\/noticias\/index.php?rest_route=\/wp\/v2\/media\/19460"}],"wp:attachment":[{"href":"https:\/\/www.yungayino.cl\/noticias\/index.php?rest_route=%2Fwp%2Fv2%2Fmedia&parent=19459"}],"wp:term":[{"taxonomy":"category","embeddable":true,"href":"https:\/\/www.yungayino.cl\/noticias\/index.php?rest_route=%2Fwp%2Fv2%2Fcategories&post=19459"},{"taxonomy":"post_tag","embeddable":true,"href":"https:\/\/www.yungayino.cl\/noticias\/index.php?rest_route=%2Fwp%2Fv2%2Ftags&post=19459"}],"curies":[{"name":"wp","href":"https:\/\/api.w.org\/{rel}","templated":true}]}}