{"id":19472,"date":"2018-08-20T16:00:36","date_gmt":"2018-08-20T19:00:36","guid":{"rendered":"http:\/\/www.yungayino.cl\/noticias\/?p=19472"},"modified":"2018-08-20T16:21:40","modified_gmt":"2018-08-20T19:21:40","slug":"presidente-sebastian-pinera-encabeza-acto-20-de-agosto-en-chillan-viejo","status":"publish","type":"post","link":"https:\/\/www.yungayino.cl\/noticias\/?p=19472","title":{"rendered":"Presidente Sebasti\u00e1n Pi\u00f1era Encabeza Acto 20 de Agosto en Chill\u00e1n Viejo"},"content":{"rendered":"<p><img loading=\"lazy\" decoding=\"async\" class=\"alignnone size-full wp-image-19473\" src=\"http:\/\/www.yungayino.cl\/noticias\/wp-content\/uploads\/2018\/08\/chillan_20_agosto_2018.jpg\" alt=\"\" width=\"700\" height=\"382\" srcset=\"https:\/\/www.yungayino.cl\/noticias\/wp-content\/uploads\/2018\/08\/chillan_20_agosto_2018.jpg 700w, https:\/\/www.yungayino.cl\/noticias\/wp-content\/uploads\/2018\/08\/chillan_20_agosto_2018-300x164.jpg 300w, https:\/\/www.yungayino.cl\/noticias\/wp-content\/uploads\/2018\/08\/chillan_20_agosto_2018-275x150.jpg 275w\" sizes=\"auto, (max-width: 700px) 100vw, 700px\" \/><\/p>\n<p style=\"text-align: justify;\">Chill\u00e1n Viejo, lunes 20 de agosto 2018: El Presidente Sebasti\u00e1n Pi\u00f1era lleg\u00f3 hasta la explanada del Parque Monumental de Chill\u00e1n Viejo para encabezar el \u00faltimo desfile c\u00edvico-militar como provincia de \u00d1uble en honor al natalicio de Bernardo O&#8217;Higgins.<\/p>\n<p style=\"text-align: justify;\"><iframe loading=\"lazy\" style=\"border: none; overflow: hidden;\" src=\"https:\/\/www.facebook.com\/plugins\/post.php?href=https:\/\/www.facebook.com\/media\/set\/?set=a.2226460337368993&amp;type=1&amp;l=01e50610e5&amp;l=a77e327dc6&amp;l=f5951f1994&amp;l=bfecbb8adf&amp;l=687b6bf5da&amp;width=500&amp;show_text=true&amp;height=691&amp;appId\" width=\"500\" height=\"691\" frameborder=\"0\" scrolling=\"no\"><\/iframe><\/p>\n<p style=\"text-align: justify;\">En una jornada que comenz\u00f3 tranquila y con 20 minutos de atraso aproximadamente, a las 10:20 el mandatario lleg\u00f3 hasta la comuna hist\u00f3rica para saludar a las tropas e integrarse a las actividades del acto, donde realiz\u00f3 un reconocimiento al padre de la patria por haber establecido las bases para la organizaci\u00f3n pol\u00edtica del pa\u00eds.<\/p>\n<p style=\"text-align: justify;\">\u00abA quien reconocemos su hero\u00edsmo y compromiso que despleg\u00f3 incansablemente durante la gesta de la independencia. As\u00ed como \u00e9l estuvo dispuesto dar la vida por Chile, hoy cuando han pasado 200 a\u00f1os desde el glorioso y heroico triunfo de Maip\u00fa, es una gran alegr\u00eda decirle a Bernardo O&#8217;Higgins, y a todos quienes lo acompa\u00f1aron, que no lo hemos ni los vamos a olvidar y que la obra que gest\u00f3 sin duda ha dado grandes frutos\u00bb, dijo la primera autoridad en su alocuci\u00f3n.<\/p>\n<p style=\"text-align: justify;\">Si bien era un aspecto esperado en su discurso por parte de los \u00f1ublensinos, no hubo menci\u00f3n a la nueva regi\u00f3n, cuya puesta en marcha ser\u00e1 el 6 de septiembre pr\u00f3ximo.<\/p>\n<p style=\"text-align: justify;\">Tras el t\u00e9rmino del desfile el mandatario tendr\u00eda contemplado un almuerzo en el casino del Ej\u00e9rcito ubicado en calle Vegas de Sald\u00edas y una reuni\u00f3n con los parlamentarios de Chile Vamos en Chill\u00e1n Viejo para tratar temas locales.<\/p>\n<p style=\"text-align: justify;\">A diferencia de a\u00f1os anteriores ha sido menor la cantidad de p\u00fablico concentrada en la plaza de armas de Chill\u00e1n Viejo y resguardada por vallas papales que presencia el desfile.<\/p>\n<p style=\"text-align: justify;\">Fuente: Diario La Discusi\u00f3n <a href=\"http:\/\/www.ladiscusion.cl\">www.ladiscusion.cl<\/a><\/p>\n<p style=\"text-align: justify;\">[su_button url=\u00bbhttps:\/\/www.facebook.com\/media\/set\/?set=a.2226460337368993&amp;type=1&amp;l=01e50610e5&#8243; target=\u00bbblank\u00bb size=\u00bb7&#8243; radius=\u00bbround\u00bb icon=\u00bbicon: facebook-square\u00bb]FOTOGRAF\u00cdAS &#8211; Presidente Sebasti\u00e1n Pi\u00f1era Encabeza Acto 20 de Agosto en Chill\u00e1n Viejo[\/su_button]<\/p>\n","protected":false},"excerpt":{"rendered":"<p>Chill\u00e1n Viejo, lunes 20 de agosto 2018: El Presidente Sebasti\u00e1n Pi\u00f1era lleg\u00f3 hasta la explanada del Parque Monumental de Chill\u00e1n Viejo para encabezar el \u00faltimo desfile c\u00edvico-militar como provincia de \u00d1uble en honor al&#46;&#46;&#46;<\/p>\n","protected":false},"author":2,"featured_media":19473,"comment_status":"closed","ping_status":"open","sticky":false,"template":"","format":"standard","meta":{"footnotes":""},"categories":[1],"tags":[739,701,1115,8,6,117],"class_list":["post-19472","post","type-post","status-publish","format-standard","has-post-thumbnail","hentry","category-noticias","tag-20-agosto","tag-chillan-viejo","tag-noticias","tag-yungay","tag-yungayino","tag-yungayinocl"],"_links":{"self":[{"href":"https:\/\/www.yungayino.cl\/noticias\/index.php?rest_route=\/wp\/v2\/posts\/19472","targetHints":{"allow":["GET"]}}],"collection":[{"href":"https:\/\/www.yungayino.cl\/noticias\/index.php?rest_route=\/wp\/v2\/posts"}],"about":[{"href":"https:\/\/www.yungayino.cl\/noticias\/index.php?rest_route=\/wp\/v2\/types\/post"}],"author":[{"embeddable":true,"href":"https:\/\/www.yungayino.cl\/noticias\/index.php?rest_route=\/wp\/v2\/users\/2"}],"replies":[{"embeddable":true,"href":"https:\/\/www.yungayino.cl\/noticias\/index.php?rest_route=%2Fwp%2Fv2%2Fcomments&post=19472"}],"version-history":[{"count":1,"href":"https:\/\/www.yungayino.cl\/noticias\/index.php?rest_route=\/wp\/v2\/posts\/19472\/revisions"}],"predecessor-version":[{"id":19474,"href":"https:\/\/www.yungayino.cl\/noticias\/index.php?rest_route=\/wp\/v2\/posts\/19472\/revisions\/19474"}],"wp:featuredmedia":[{"embeddable":true,"href":"https:\/\/www.yungayino.cl\/noticias\/index.php?rest_route=\/wp\/v2\/media\/19473"}],"wp:attachment":[{"href":"https:\/\/www.yungayino.cl\/noticias\/index.php?rest_route=%2Fwp%2Fv2%2Fmedia&parent=19472"}],"wp:term":[{"taxonomy":"category","embeddable":true,"href":"https:\/\/www.yungayino.cl\/noticias\/index.php?rest_route=%2Fwp%2Fv2%2Fcategories&post=19472"},{"taxonomy":"post_tag","embeddable":true,"href":"https:\/\/www.yungayino.cl\/noticias\/index.php?rest_route=%2Fwp%2Fv2%2Ftags&post=19472"}],"curies":[{"name":"wp","href":"https:\/\/api.w.org\/{rel}","templated":true}]}}