{"id":19479,"date":"2018-08-22T18:00:35","date_gmt":"2018-08-22T21:00:35","guid":{"rendered":"http:\/\/www.yungayino.cl\/noticias\/?p=19479"},"modified":"2018-08-22T19:40:20","modified_gmt":"2018-08-22T22:40:20","slug":"municipio-de-yungay-convoco-a-instituciones-publicas-y-empresas-de-servicio-basicos-por-unas-fiestas-patrias-seguras","status":"publish","type":"post","link":"https:\/\/www.yungayino.cl\/noticias\/?p=19479","title":{"rendered":"Municipio de Yungay Convoc\u00f3 a Instituciones P\u00fablicas y Empresas de Servicio B\u00e1sicos por unas \u201cFiestas Patrias Seguras\u201d"},"content":{"rendered":"<p><img loading=\"lazy\" decoding=\"async\" class=\"alignnone size-full wp-image-19480\" src=\"http:\/\/www.yungayino.cl\/noticias\/wp-content\/uploads\/2018\/08\/reunion_201808.jpg\" alt=\"\" width=\"700\" height=\"350\" srcset=\"https:\/\/www.yungayino.cl\/noticias\/wp-content\/uploads\/2018\/08\/reunion_201808.jpg 700w, https:\/\/www.yungayino.cl\/noticias\/wp-content\/uploads\/2018\/08\/reunion_201808-300x150.jpg 300w\" sizes=\"auto, (max-width: 700px) 100vw, 700px\" \/><\/p>\n<p style=\"text-align: justify;\">Yungay, mi\u00e9rcoles 22 de agosto 2018: Septiembre viste a Yungay de colores patrios y de fiestas tradicionales, y el municipio nuevamente se ha preocupado de que este a\u00f1o las celebraciones tengan un balance positivo.<\/p>\n<p style=\"text-align: justify;\"><iframe loading=\"lazy\" style=\"border: none; overflow: hidden;\" src=\"https:\/\/www.facebook.com\/plugins\/post.php?href=https:\/\/www.facebook.com\/media\/set\/?set=a.2230365143645179&amp;type=1&amp;l=8802baa0c8&amp;l=a77e327dc6&amp;l=f5951f1994&amp;l=bfecbb8adf&amp;l=687b6bf5da&amp;width=500&amp;show_text=true&amp;height=691&amp;appId\" width=\"500\" height=\"691\" frameborder=\"0\" scrolling=\"no\"><\/iframe><\/p>\n<p style=\"text-align: justify;\">El alcalde, por intermedio del encargado de emergencia y protecci\u00f3n civil, Sr. Marcelo Cifuentes y el encargado de seguridad p\u00fablica, Sr. Mario Herrera, convoc\u00f3 a Carabineros, PDI, Bomberos, Hospital, CESFAM, Essbio, Coelcha, Frontel y Departamentos de Obras y Tr\u00e1nsito Municipales a una reuni\u00f3n de coordinaci\u00f3n para acordar el plan de contingencia para entregar tranquilidad a la comunidad.<\/p>\n<p style=\"text-align: justify;\">Para el alcalde Sr. Rafael Cifuentes celebrar las fiestas patrias en nuestra comuna es una tradici\u00f3n importante, \u201cnuestra comuna siempre se ha caracterizado por celebrar fiestas patrias en familia, una pr\u00e1ctica que este a\u00f1o debemos nuevamente cuidar porque es parte de lo nuestro\u201d.<\/p>\n<p style=\"text-align: justify;\">En palabras del encargado de emergencia, Sr. Marcelo Cifuentes, \u201cel plan de contingencia considera el aumento de brigadistas de las empresas de servicios b\u00e1sicos durante las fiestas; la coordinaci\u00f3n entre Salud Municipal y el Hospital de Yungay, garantizando la disponibilidad de profesionales y ambulancias; el compromiso de siempre de Bomberos ante cualquier emergencia; la presencia del personal de la PDI; y la intensificaci\u00f3n en el control y patrullaje preventivo de Carabineros de Chile en diferentes lugares de la comuna\u201d.<\/p>\n<p style=\"text-align: justify;\">El municipio agradece la disponibilidad y el compromiso que demuestran instituciones y empresas de servicios b\u00e1sicos de la comuna<\/p>\n<p style=\"text-align: justify;\">[su_button url=\u00bbhttps:\/\/www.facebook.com\/media\/set\/?set=a.2230365143645179&amp;type=1&amp;l=8802baa0c8&#8243; target=\u00bbblank\u00bb size=\u00bb7&#8243; radius=\u00bbround\u00bb icon=\u00bbicon: facebook-square\u00bb]FOTOGRAF\u00cdAS &#8211; Municipio de Yungay Convoc\u00f3 a Instituciones P\u00fablicas y Empresas de Servicio B\u00e1sicos por unas \u201cFiestas Patrias Seguras\u201d[\/su_button]<\/p>\n","protected":false},"excerpt":{"rendered":"<p>Yungay, mi\u00e9rcoles 22 de agosto 2018: Septiembre viste a Yungay de colores patrios y de fiestas tradicionales, y el municipio nuevamente se ha preocupado de que este a\u00f1o las celebraciones tengan un balance positivo.&#46;&#46;&#46;<\/p>\n","protected":false},"author":2,"featured_media":19480,"comment_status":"closed","ping_status":"open","sticky":false,"template":"","format":"standard","meta":{"footnotes":""},"categories":[1],"tags":[1779,1115,8,6,117],"class_list":["post-19479","post","type-post","status-publish","format-standard","has-post-thumbnail","hentry","category-noticias","tag-fiestas-patrias-seguras","tag-noticias","tag-yungay","tag-yungayino","tag-yungayinocl"],"_links":{"self":[{"href":"https:\/\/www.yungayino.cl\/noticias\/index.php?rest_route=\/wp\/v2\/posts\/19479","targetHints":{"allow":["GET"]}}],"collection":[{"href":"https:\/\/www.yungayino.cl\/noticias\/index.php?rest_route=\/wp\/v2\/posts"}],"about":[{"href":"https:\/\/www.yungayino.cl\/noticias\/index.php?rest_route=\/wp\/v2\/types\/post"}],"author":[{"embeddable":true,"href":"https:\/\/www.yungayino.cl\/noticias\/index.php?rest_route=\/wp\/v2\/users\/2"}],"replies":[{"embeddable":true,"href":"https:\/\/www.yungayino.cl\/noticias\/index.php?rest_route=%2Fwp%2Fv2%2Fcomments&post=19479"}],"version-history":[{"count":2,"href":"https:\/\/www.yungayino.cl\/noticias\/index.php?rest_route=\/wp\/v2\/posts\/19479\/revisions"}],"predecessor-version":[{"id":19482,"href":"https:\/\/www.yungayino.cl\/noticias\/index.php?rest_route=\/wp\/v2\/posts\/19479\/revisions\/19482"}],"wp:featuredmedia":[{"embeddable":true,"href":"https:\/\/www.yungayino.cl\/noticias\/index.php?rest_route=\/wp\/v2\/media\/19480"}],"wp:attachment":[{"href":"https:\/\/www.yungayino.cl\/noticias\/index.php?rest_route=%2Fwp%2Fv2%2Fmedia&parent=19479"}],"wp:term":[{"taxonomy":"category","embeddable":true,"href":"https:\/\/www.yungayino.cl\/noticias\/index.php?rest_route=%2Fwp%2Fv2%2Fcategories&post=19479"},{"taxonomy":"post_tag","embeddable":true,"href":"https:\/\/www.yungayino.cl\/noticias\/index.php?rest_route=%2Fwp%2Fv2%2Ftags&post=19479"}],"curies":[{"name":"wp","href":"https:\/\/api.w.org\/{rel}","templated":true}]}}