{"id":19491,"date":"2018-08-26T13:00:28","date_gmt":"2018-08-26T16:00:28","guid":{"rendered":"http:\/\/www.yungayino.cl\/noticias\/?p=19491"},"modified":"2018-08-26T17:58:25","modified_gmt":"2018-08-26T20:58:25","slug":"emotiva-ceremonia-de-ascenso-a-funcionarios-de-gendarmeria-de-yungay","status":"publish","type":"post","link":"https:\/\/www.yungayino.cl\/noticias\/?p=19491","title":{"rendered":"Emotiva Ceremonia de Ascenso a Funcionarios de Gendarmer\u00eda de Yungay"},"content":{"rendered":"<p><img loading=\"lazy\" decoding=\"async\" class=\"alignnone size-full wp-image-19492\" src=\"http:\/\/www.yungayino.cl\/noticias\/wp-content\/uploads\/2018\/08\/gendarmeria_ascenso_201808.jpg\" alt=\"\" width=\"700\" height=\"350\" srcset=\"https:\/\/www.yungayino.cl\/noticias\/wp-content\/uploads\/2018\/08\/gendarmeria_ascenso_201808.jpg 700w, https:\/\/www.yungayino.cl\/noticias\/wp-content\/uploads\/2018\/08\/gendarmeria_ascenso_201808-300x150.jpg 300w\" sizes=\"auto, (max-width: 700px) 100vw, 700px\" \/><\/p>\n<p style=\"text-align: justify;\">Yungay, domingo 26 de agosto 2018: En una emotiva ceremonia realizada en las dependencias de la Biblioteca P\u00fablica fueron ascendidos de grado cuatro funcionarios pertenecientes a Gendarmer\u00eda de Yungay.<\/p>\n<p style=\"text-align: justify;\"><iframe loading=\"lazy\" style=\"border: none; overflow: hidden;\" src=\"https:\/\/www.facebook.com\/plugins\/post.php?href=https:\/\/www.facebook.com\/media\/set\/?set=a.2236803753001318&amp;type=1&amp;l=92c94fba33&amp;l=a77e327dc6&amp;l=f5951f1994&amp;l=bfecbb8adf&amp;l=687b6bf5da&amp;width=500&amp;show_text=true&amp;height=691&amp;appId\" width=\"500\" height=\"691\" frameborder=\"0\" scrolling=\"no\"><\/iframe><\/p>\n<p style=\"text-align: justify;\">La jornada fue encabezada por el Alcaide del C.D.P. de Yungay, Teniente Primero, Sr. Carlos Hern\u00e1ndez Constanzo, el Jefe de Unidad del Centro de Educaci\u00f3n y Trabajo de Yungay, Sr. Orlando Hasbun Ferrada, Teniente Primero de Gendarmer\u00eda, el Alcalde Sr. Rafael Cifuentes, las Concejalas Sra. Juana Sandoval, Sra. Patricia Moncada y Srta. Ang\u00e9lica Cabezas, adem\u00e1s de familiares e invitados especiales.<\/p>\n<p style=\"text-align: justify;\">En la ceremonia de ascenso, el Capell\u00e1n de Gendarmer\u00eda, Pastor Evang\u00e9lico Sr. Bernardo Leal P\u00e9rez realiz\u00f3 la tradicional bendici\u00f3n de los grados de los funcionarios ascendidos.<\/p>\n<p style=\"text-align: justify;\">Los funcionarios ascendidos fueron:<\/p>\n<p style=\"text-align: justify;\">Cabo Sr. <strong>Patric \u00c1ngelo P\u00e9rez Pino<\/strong> asciende al Grado de Cabo 2\u00b0.<\/p>\n<p style=\"text-align: justify;\">Cabo Sr. <strong>Daniel El\u00edas Garc\u00eda Cisternas<\/strong> asciende al Grado de Cabo 2\u00b0.<\/p>\n<p style=\"text-align: justify;\">Cabo 2\u00b0 Sra. <strong>Pilar Cecilia Mu\u00f1oz Venegas<\/strong> asciende al Grado de Cabo Primero.<\/p>\n<p style=\"text-align: justify;\">Cabo Primero Sr. <strong>Cristian Enrique Sep\u00falveda Canales<\/strong> asciende al Grado de Sargento Segundo.<\/p>\n<p style=\"text-align: justify;\">En la oportunidad, el Jefe de Unidad del Centro de Educaci\u00f3n y Trabajo de Yungay, Sr. Orlando Hasbun Ferrada se refiri\u00f3 en su discurso a la trayectoria de los funcionarios reci\u00e9n ascendidos, como asimismo sobre la importancia que ha significado el apoyo incondicional de la familia de los funcionarios en sus logros obtenidos y el sustento brindado en los momentos dif\u00edciles, como asimismo la importancia de la labor penitenciaria en beneficio de nuestro pa\u00eds.<\/p>\n<p style=\"text-align: justify;\">Finalmente la ceremonia concluy\u00f3 con la interpretaci\u00f3n del himno institucional para que posteriormente todos los asistentes compartieran un c\u00f3ctel de camarader\u00eda.<\/p>\n<p style=\"text-align: justify;\">[su_button url=\u00bbhttps:\/\/www.facebook.com\/media\/set\/?set=a.2236803753001318&amp;type=1&amp;l=92c94fba33&#8243; target=\u00bbblank\u00bb size=\u00bb7&#8243; radius=\u00bbround\u00bb icon=\u00bbicon: facebook-square\u00bb]FOTOGRAF\u00cdAS &#8211; Emotiva Ceremonia de Ascenso a Funcionarios de Gendarmer\u00eda de Yungay[\/su_button]<\/p>\n","protected":false},"excerpt":{"rendered":"<p>Yungay, domingo 26 de agosto 2018: En una emotiva ceremonia realizada en las dependencias de la Biblioteca P\u00fablica fueron ascendidos de grado cuatro funcionarios pertenecientes a Gendarmer\u00eda de Yungay. La jornada fue encabezada por&#46;&#46;&#46;<\/p>\n","protected":false},"author":2,"featured_media":19492,"comment_status":"closed","ping_status":"open","sticky":false,"template":"","format":"standard","meta":{"footnotes":""},"categories":[1],"tags":[1293,361,1115,8,6,117],"class_list":["post-19491","post","type-post","status-publish","format-standard","has-post-thumbnail","hentry","category-noticias","tag-ascenso","tag-gendarmeria","tag-noticias","tag-yungay","tag-yungayino","tag-yungayinocl"],"_links":{"self":[{"href":"https:\/\/www.yungayino.cl\/noticias\/index.php?rest_route=\/wp\/v2\/posts\/19491","targetHints":{"allow":["GET"]}}],"collection":[{"href":"https:\/\/www.yungayino.cl\/noticias\/index.php?rest_route=\/wp\/v2\/posts"}],"about":[{"href":"https:\/\/www.yungayino.cl\/noticias\/index.php?rest_route=\/wp\/v2\/types\/post"}],"author":[{"embeddable":true,"href":"https:\/\/www.yungayino.cl\/noticias\/index.php?rest_route=\/wp\/v2\/users\/2"}],"replies":[{"embeddable":true,"href":"https:\/\/www.yungayino.cl\/noticias\/index.php?rest_route=%2Fwp%2Fv2%2Fcomments&post=19491"}],"version-history":[{"count":1,"href":"https:\/\/www.yungayino.cl\/noticias\/index.php?rest_route=\/wp\/v2\/posts\/19491\/revisions"}],"predecessor-version":[{"id":19493,"href":"https:\/\/www.yungayino.cl\/noticias\/index.php?rest_route=\/wp\/v2\/posts\/19491\/revisions\/19493"}],"wp:featuredmedia":[{"embeddable":true,"href":"https:\/\/www.yungayino.cl\/noticias\/index.php?rest_route=\/wp\/v2\/media\/19492"}],"wp:attachment":[{"href":"https:\/\/www.yungayino.cl\/noticias\/index.php?rest_route=%2Fwp%2Fv2%2Fmedia&parent=19491"}],"wp:term":[{"taxonomy":"category","embeddable":true,"href":"https:\/\/www.yungayino.cl\/noticias\/index.php?rest_route=%2Fwp%2Fv2%2Fcategories&post=19491"},{"taxonomy":"post_tag","embeddable":true,"href":"https:\/\/www.yungayino.cl\/noticias\/index.php?rest_route=%2Fwp%2Fv2%2Ftags&post=19491"}],"curies":[{"name":"wp","href":"https:\/\/api.w.org\/{rel}","templated":true}]}}