{"id":19506,"date":"2018-08-28T12:00:23","date_gmt":"2018-08-28T15:00:23","guid":{"rendered":"http:\/\/www.yungayino.cl\/noticias\/?p=19506"},"modified":"2018-08-28T13:11:19","modified_gmt":"2018-08-28T16:11:19","slug":"liceo-de-yungay-realizo-acto-celebracion-dia-de-la-educacion-tecnico-profesional","status":"publish","type":"post","link":"https:\/\/www.yungayino.cl\/noticias\/?p=19506","title":{"rendered":"Liceo de Yungay Realiz\u00f3 Acto Celebraci\u00f3n \u201cD\u00eda de la Educaci\u00f3n T\u00e9cnico Profesional\u201d"},"content":{"rendered":"<p><img loading=\"lazy\" decoding=\"async\" class=\"alignnone size-full wp-image-19507\" src=\"http:\/\/www.yungayino.cl\/noticias\/wp-content\/uploads\/2018\/08\/liceo_dia_tecnico_profesional_2018.jpg\" alt=\"\" width=\"700\" height=\"350\" srcset=\"https:\/\/www.yungayino.cl\/noticias\/wp-content\/uploads\/2018\/08\/liceo_dia_tecnico_profesional_2018.jpg 700w, https:\/\/www.yungayino.cl\/noticias\/wp-content\/uploads\/2018\/08\/liceo_dia_tecnico_profesional_2018-300x150.jpg 300w\" sizes=\"auto, (max-width: 700px) 100vw, 700px\" \/><\/p>\n<p style=\"text-align: justify;\">Yungay, martes 28 de agosto 2018: Con un significativo acto el Liceo A -17 de Yungay celebr\u00f3 el \u201cD\u00eda de la Educaci\u00f3n T\u00e9cnico Profesional\u201d, el cual se inici\u00f3 con la interpretaci\u00f3n del Himno Nacional y posteriormente el Himno del Liceo, el cu\u00e1l fue dirigido por el Profesor de Artes Musicales Sr. Marcos Constanza.<\/p>\n<p style=\"text-align: justify;\"><iframe loading=\"lazy\" style=\"border: none; overflow: hidden;\" src=\"https:\/\/www.facebook.com\/plugins\/post.php?href=https:\/\/www.facebook.com\/media\/set\/?set=a.2238999549448405&amp;type=1&amp;l=9c27a3103a&amp;l=a77e327dc6&amp;l=f5951f1994&amp;l=bfecbb8adf&amp;l=687b6bf5da&amp;width=500&amp;show_text=true&amp;height=691&amp;appId\" width=\"500\" height=\"691\" frameborder=\"0\" scrolling=\"no\"><\/iframe><\/p>\n<p style=\"text-align: justify;\">La actividad estuvo encabezada por el Sr. Antonio Zepeda Novoa, Director del Liceo de Yungay y cont\u00f3 con la asistencia del Alcalde Sr. Rafael Cifuentes, las Concejalas Sra. Juana Sandoval, Srta. Ang\u00e9lica Cabezas, Sra. Patricia Moncada, el Concejal Sr. Ricardo Ramos, el Director del Colegio Cholgu\u00e1n, Sr. Luis Rubilar, el Sr. Andr\u00e9s Navarro, Representando al DAEM, Empresarios, Invitados Especiales, Representantes del Centro General de Padres, Representantes de los Docentes e Invitados Especiales.<\/p>\n<p style=\"text-align: justify;\">Durante la ceremonia se realiz\u00f3 la presentaci\u00f3n de un n\u00famero musical realizado por las alumnas del Colegio Cholgu\u00e1n para luego continuar con un pie de cueca bailado por los alumnos del Liceo de Yungay.<\/p>\n<p style=\"text-align: justify;\">El Director, Sr. <strong>Antonio Zepeda Novoa<\/strong>, destac\u00f3 la importancia de la educaci\u00f3n t\u00e9cnico profesional, desde el punto de vista de formaci\u00f3n se\u00f1alando en su discurso que el Liceo de Yungay es uno de los 4 en \u00d1uble con el modelo de Formaci\u00f3n Dual que surge como una manera innovadora y eficaz para suplir a las empresas de personal espec\u00edficamente capacitado en sus labores, dar a los estudiantes las herramientas que necesitan para surgir a nivel personal y profesional que Chile necesita. Tambi\u00e9n se\u00f1alo que el Liceo cuenta con la\u00a0 Especialidad Administraci\u00f3n Menci\u00f3n Log\u00edstica y Especialidad Electricidad, donde los alumnos est\u00e1n 3 d\u00edas en el Liceo y 2 en la empresa, es por eso que destac\u00f3 que el establecimiento, mantiene una importante red de apoyo con las empresas locales y regionales, donde los estudiantes acceden a capacitaciones y pr\u00e1cticas profesionales durante y al final de su proceso educativo.<\/p>\n<p style=\"text-align: justify;\"><strong>Srta. Erica Osses<\/strong>, representando al \u00c1rea de Mantenci\u00f3n de Arauco Planta Trup\u00e1n Cholgu\u00e1n, manifest\u00f3 al Equipo del Portal Yungayino.cl, la importancia de este d\u00eda destacando que Arauco ha participado en esta tutor\u00eda Dual desde que se implement\u00f3 en el liceo, recalcando el compromiso de Arauco por apoyar a los alumnos en su futuro laboral, adem\u00e1s destac\u00f3 el valor corporativo de \u201cBuen Ciudadano\u201d y compromiso de responsabilidad social que ha tenido siempre ARAUCO con la comunidad.<\/p>\n<p style=\"text-align: justify;\"><strong>Sra. Karen Gaete Villar<\/strong>, Profesora y Coordinadora de la Especialidad de Administraci\u00f3n del Liceo, se\u00f1alo al Equipo del Portal Yungayino.cl, que en este acto se quiso reconocer a los maestros gu\u00edas de la estrategia de formaci\u00f3n Dual entreg\u00e1ndoles un diploma de reconocimiento, adem\u00e1s destac\u00f3 el apoyo de las empresas y que quieran contar con alumnos(as), por su parte las alumnas del Cuarto ATP Carmen Baeza, Patricia Vargas, Bel\u00e9n Ram\u00edrez y Marian Chaboud destacaron que el poder desarrollarse en las diferentes empresas como alumnas duales ha sido muy provechoso, muy buena experiencia tanto lo profesional laboral como personal, ya que tambi\u00e9n han aprendido nuevos conocimientos, valores y actitudes para su\u00a0 futuro laboral.<\/p>\n<p style=\"text-align: justify;\">[su_button url=\u00bbhttps:\/\/www.facebook.com\/media\/set\/?set=a.2238999549448405&amp;type=1&amp;l=9c27a3103a\u00bb target=\u00bbblank\u00bb size=\u00bb7&#8243; radius=\u00bbround\u00bb icon=\u00bbicon: facebook-square\u00bb]FOTOGRAF\u00cdAS &#8211; Liceo de Yungay Realiz\u00f3 Acto Celebraci\u00f3n \u201cD\u00eda de la Educaci\u00f3n T\u00e9cnico Profesional\u201d[\/su_button]<\/p>\n","protected":false},"excerpt":{"rendered":"<p>Yungay, martes 28 de agosto 2018: Con un significativo acto el Liceo A -17 de Yungay celebr\u00f3 el \u201cD\u00eda de la Educaci\u00f3n T\u00e9cnico Profesional\u201d, el cual se inici\u00f3 con la interpretaci\u00f3n del Himno Nacional&#46;&#46;&#46;<\/p>\n","protected":false},"author":2,"featured_media":19507,"comment_status":"closed","ping_status":"open","sticky":false,"template":"","format":"standard","meta":{"footnotes":""},"categories":[1],"tags":[1785,89,1115,8,6,117],"class_list":["post-19506","post","type-post","status-publish","format-standard","has-post-thumbnail","hentry","category-noticias","tag-educacion-tecnico-profesional","tag-liceo-yungay","tag-noticias","tag-yungay","tag-yungayino","tag-yungayinocl"],"_links":{"self":[{"href":"https:\/\/www.yungayino.cl\/noticias\/index.php?rest_route=\/wp\/v2\/posts\/19506","targetHints":{"allow":["GET"]}}],"collection":[{"href":"https:\/\/www.yungayino.cl\/noticias\/index.php?rest_route=\/wp\/v2\/posts"}],"about":[{"href":"https:\/\/www.yungayino.cl\/noticias\/index.php?rest_route=\/wp\/v2\/types\/post"}],"author":[{"embeddable":true,"href":"https:\/\/www.yungayino.cl\/noticias\/index.php?rest_route=\/wp\/v2\/users\/2"}],"replies":[{"embeddable":true,"href":"https:\/\/www.yungayino.cl\/noticias\/index.php?rest_route=%2Fwp%2Fv2%2Fcomments&post=19506"}],"version-history":[{"count":1,"href":"https:\/\/www.yungayino.cl\/noticias\/index.php?rest_route=\/wp\/v2\/posts\/19506\/revisions"}],"predecessor-version":[{"id":19508,"href":"https:\/\/www.yungayino.cl\/noticias\/index.php?rest_route=\/wp\/v2\/posts\/19506\/revisions\/19508"}],"wp:featuredmedia":[{"embeddable":true,"href":"https:\/\/www.yungayino.cl\/noticias\/index.php?rest_route=\/wp\/v2\/media\/19507"}],"wp:attachment":[{"href":"https:\/\/www.yungayino.cl\/noticias\/index.php?rest_route=%2Fwp%2Fv2%2Fmedia&parent=19506"}],"wp:term":[{"taxonomy":"category","embeddable":true,"href":"https:\/\/www.yungayino.cl\/noticias\/index.php?rest_route=%2Fwp%2Fv2%2Fcategories&post=19506"},{"taxonomy":"post_tag","embeddable":true,"href":"https:\/\/www.yungayino.cl\/noticias\/index.php?rest_route=%2Fwp%2Fv2%2Ftags&post=19506"}],"curies":[{"name":"wp","href":"https:\/\/api.w.org\/{rel}","templated":true}]}}