{"id":19518,"date":"2018-08-29T19:00:02","date_gmt":"2018-08-29T22:00:02","guid":{"rendered":"http:\/\/www.yungayino.cl\/noticias\/?p=19518"},"modified":"2018-08-29T20:36:48","modified_gmt":"2018-08-29T23:36:48","slug":"municipalidad-de-yungay-invita-a-celebrar-chao-agosto","status":"publish","type":"post","link":"https:\/\/www.yungayino.cl\/noticias\/?p=19518","title":{"rendered":"Municipalidad de Yungay Invita a Celebrar Chao Agosto"},"content":{"rendered":"<p><img loading=\"lazy\" decoding=\"async\" class=\"alignnone size-full wp-image-19520\" src=\"http:\/\/www.yungayino.cl\/noticias\/wp-content\/uploads\/2018\/08\/FB_IMG_1535577449895-1.jpg\" alt=\"\" width=\"700\" height=\"990\" srcset=\"https:\/\/www.yungayino.cl\/noticias\/wp-content\/uploads\/2018\/08\/FB_IMG_1535577449895-1.jpg 700w, https:\/\/www.yungayino.cl\/noticias\/wp-content\/uploads\/2018\/08\/FB_IMG_1535577449895-1-212x300.jpg 212w, https:\/\/www.yungayino.cl\/noticias\/wp-content\/uploads\/2018\/08\/FB_IMG_1535577449895-1-106x150.jpg 106w\" sizes=\"auto, (max-width: 700px) 100vw, 700px\" \/><\/p>\n<p style=\"text-align: justify;\">Yungay, mi\u00e9rcoles 29 de agosto 2018: Municipalidad de Yungay invita a celebrar \u201cChao Agosto\u201d. Esta actividad se llevar\u00e1 a cabo el d\u00eda s\u00e1bado 1 de septiembre, iniciando con una batucada desde las 15:00 horas con salida desde UCAM (Uni\u00f3n Comunal Adulto Mayor), ubicada en calle Angamos y recorriendo las calles Huamachuco, Esmeralda y llegando a la plaza, para compartir en el sal\u00f3n multiuso de una Mateada.<\/p>\n<p style=\"text-align: justify;\">Los Horarios de la movilizaci\u00f3n disponible para la celebraci\u00f3n del Chao Agosto son los siguientes:<\/p>\n<p style=\"text-align: justify;\">El Roble \u2013 La Palma\u00a0\u00a0\u00a0\u00a0\u00a0 13:30<\/p>\n<p style=\"text-align: justify;\">Pangal del Laja\u00a0\u00a0\u00a0\u00a0 \u00a0\u00a0\u00a0\u00a0\u00a0\u00a0\u00a0\u00a0\u00a0 14:00<\/p>\n<p style=\"text-align: justify;\">Campanario\u00a0\u00a0\u00a0\u00a0\u00a0\u00a0\u00a0\u00a0\u00a0 \u00a0\u00a0\u00a0\u00a0\u00a0\u00a0\u00a0\u00a0\u00a0 14:20<\/p>\n<p style=\"text-align: justify;\">El Castillo\u00a0\u00a0 \u00a0\u00a0\u00a0\u00a0\u00a0\u00a0\u00a0\u00a0\u00a0 \u00a0\u00a0\u00a0\u00a0\u00a0\u00a0\u00a0\u00a0\u00a0 13:30<\/p>\n<p style=\"text-align: justify;\">Laureles\u00a0\u00a0\u00a0\u00a0\u00a0 \u00a0\u00a0\u00a0\u00a0\u00a0\u00a0\u00a0\u00a0\u00a0 \u00a0\u00a0\u00a0\u00a0\u00a0\u00a0\u00a0\u00a0\u00a0 13:45<\/p>\n<p style=\"text-align: justify;\">San Antonio\u00a0\u00a0\u00a0\u00a0\u00a0\u00a0\u00a0\u00a0\u00a0 \u00a0\u00a0\u00a0\u00a0\u00a0\u00a0\u00a0\u00a0\u00a0 14:00<\/p>\n<p style=\"text-align: justify;\">Los Mayos\u00a0 \u00a0\u00a0\u00a0\u00a0\u00a0\u00a0\u00a0\u00a0\u00a0 \u00a0\u00a0\u00a0\u00a0\u00a0\u00a0\u00a0\u00a0\u00a0 14:20<\/p>\n<p style=\"text-align: justify;\">El Cardal\u00a0\u00a0\u00a0\u00a0 \u00a0\u00a0\u00a0\u00a0\u00a0\u00a0\u00a0\u00a0\u00a0 \u00a0\u00a0\u00a0\u00a0\u00a0\u00a0\u00a0\u00a0\u00a0 14:40<\/p>\n<p style=\"text-align: justify;\">Ranchillos\u00a0\u00a0 \u00a0\u00a0\u00a0\u00a0\u00a0\u00a0\u00a0\u00a0\u00a0 \u00a0\u00a0\u00a0\u00a0\u00a0\u00a0\u00a0\u00a0\u00a0 13:30<\/p>\n<p style=\"text-align: justify;\">San Miguel de Itata\u00a0\u00a0\u00a0\u00a0\u00a0\u00a0\u00a0 13:50<\/p>\n<p style=\"text-align: justify;\">Rinconada de Itata\u00a0\u00a0\u00a0\u00a0\u00a0\u00a0\u00a0\u00a0 14:10<\/p>\n<p style=\"text-align: justify;\">Pedregal\u00a0\u00a0\u00a0\u00a0\u00a0\u00a0\u00a0\u00a0\u00a0\u00a0\u00a0\u00a0\u00a0\u00a0\u00a0\u00a0\u00a0\u00a0\u00a0\u00a0\u00a0\u00a0\u00a0\u00a0 14:30<\/p>\n<p style=\"text-align: justify;\">Los Puquios\u00a0\u00a0\u00a0\u00a0\u00a0\u00a0\u00a0\u00a0\u00a0\u00a0\u00a0\u00a0\u00a0\u00a0\u00a0\u00a0\u00a0\u00a0 14:00 (desde Sede)<\/p>\n<p style=\"text-align: justify;\">Pallahuala\u00a0\u00a0\u00a0\u00a0\u00a0\u00a0\u00a0\u00a0\u00a0\u00a0\u00a0\u00a0\u00a0\u00a0\u00a0\u00a0\u00a0\u00a0\u00a0\u00a0\u00a0 14:15 (desde Garita)<\/p>\n<p style=\"text-align: justify;\">Chillancito\u00a0\u00a0\u00a0\u00a0\u00a0\u00a0\u00a0\u00a0\u00a0\u00a0\u00a0\u00a0\u00a0\u00a0\u00a0\u00a0\u00a0\u00a0\u00a0\u00a0\u00a0\u00a0 14:30<\/p>\n<p>&nbsp;<\/p>\n","protected":false},"excerpt":{"rendered":"<p>Yungay, mi\u00e9rcoles 29 de agosto 2018: Municipalidad de Yungay invita a celebrar \u201cChao Agosto\u201d. Esta actividad se llevar\u00e1 a cabo el d\u00eda s\u00e1bado 1 de septiembre, iniciando con una batucada desde las 15:00 horas&#46;&#46;&#46;<\/p>\n","protected":false},"author":2,"featured_media":19520,"comment_status":"closed","ping_status":"open","sticky":false,"template":"","format":"standard","meta":{"footnotes":""},"categories":[1],"tags":[748,1115,8,6,117],"class_list":["post-19518","post","type-post","status-publish","format-standard","has-post-thumbnail","hentry","category-noticias","tag-chao-agosto","tag-noticias","tag-yungay","tag-yungayino","tag-yungayinocl"],"_links":{"self":[{"href":"https:\/\/www.yungayino.cl\/noticias\/index.php?rest_route=\/wp\/v2\/posts\/19518","targetHints":{"allow":["GET"]}}],"collection":[{"href":"https:\/\/www.yungayino.cl\/noticias\/index.php?rest_route=\/wp\/v2\/posts"}],"about":[{"href":"https:\/\/www.yungayino.cl\/noticias\/index.php?rest_route=\/wp\/v2\/types\/post"}],"author":[{"embeddable":true,"href":"https:\/\/www.yungayino.cl\/noticias\/index.php?rest_route=\/wp\/v2\/users\/2"}],"replies":[{"embeddable":true,"href":"https:\/\/www.yungayino.cl\/noticias\/index.php?rest_route=%2Fwp%2Fv2%2Fcomments&post=19518"}],"version-history":[{"count":2,"href":"https:\/\/www.yungayino.cl\/noticias\/index.php?rest_route=\/wp\/v2\/posts\/19518\/revisions"}],"predecessor-version":[{"id":19522,"href":"https:\/\/www.yungayino.cl\/noticias\/index.php?rest_route=\/wp\/v2\/posts\/19518\/revisions\/19522"}],"wp:featuredmedia":[{"embeddable":true,"href":"https:\/\/www.yungayino.cl\/noticias\/index.php?rest_route=\/wp\/v2\/media\/19520"}],"wp:attachment":[{"href":"https:\/\/www.yungayino.cl\/noticias\/index.php?rest_route=%2Fwp%2Fv2%2Fmedia&parent=19518"}],"wp:term":[{"taxonomy":"category","embeddable":true,"href":"https:\/\/www.yungayino.cl\/noticias\/index.php?rest_route=%2Fwp%2Fv2%2Fcategories&post=19518"},{"taxonomy":"post_tag","embeddable":true,"href":"https:\/\/www.yungayino.cl\/noticias\/index.php?rest_route=%2Fwp%2Fv2%2Ftags&post=19518"}],"curies":[{"name":"wp","href":"https:\/\/api.w.org\/{rel}","templated":true}]}}