{"id":1952,"date":"2009-09-15T11:00:35","date_gmt":"2009-09-15T15:00:35","guid":{"rendered":"http:\/\/www.yungayino.cl\/noticias\/?p=1952"},"modified":"2009-09-15T11:45:19","modified_gmt":"2009-09-15T15:45:19","slug":"yungayina-angelica-sepulveda-participara-en-fiebre-de-baile-de-chilevision","status":"publish","type":"post","link":"https:\/\/www.yungayino.cl\/noticias\/?p=1952","title":{"rendered":"Yungayina Ang\u00e9lica Sep\u00falveda Participara en Fiebre de Baile de Chilevisi\u00f3n"},"content":{"rendered":"<p><img decoding=\"async\" src=\"http:\/\/www.yungayino.cl\/imagenes\/20081231angelica.jpg\" alt=\"Yungayina, Ang\u00e9lica Sep\u00falveda Participara en Fiebre de Baile de Chilevisi\u00f3n\" \/><\/p>\n<p align=\"justify\"><font size=\"2\">Despu\u00e9s de varias conversaciones, Ang\u00e9lica Sep\u00falveda se unir\u00e1 al segundo ciclo del estelar de CHV Fiebre de Baile, as\u00ed lo confirmo al Portal la propia Ang\u00e9lica qui\u00e9n debutar\u00e1 ma\u00f1ana 16 de septiembre a las 22:00 horas y que competir\u00e1 con Janis Pope, Mar\u00eda Isabel Indo; m\u00e1s conocida como \u201cChabe\u201d, Luli, Gianella Marengo, Yamna Lobos y Blanquita Nieves, adem\u00e1s de esta noticia Ang\u00e9lica hizo el pasado 13 de este mes el lanzamiento de su primer disco solista \u201cRebelde Nac\u00ed\u201d.<br \/>\n<a href=\"http:\/\/www.yungayino.cl\/noticias\/?p=1952\"#comments\">Comente Aqu\u00ed<\/a><br \/>\n<a href=\"http:\/\/www.chilevision.cl\/home\/index.php?option=com_content&#038;task=view&#038;id=195503&#038;Itemid=354\">Video Programa S.Q.P.<\/a><\/font><\/p>\n","protected":false},"excerpt":{"rendered":"<p>Despu\u00e9s de varias conversaciones, Ang\u00e9lica Sep\u00falveda se unir\u00e1 al segundo ciclo del estelar de CHV Fiebre de Baile, as\u00ed lo confirmo al Portal la propia Ang\u00e9lica qui\u00e9n debutar\u00e1 ma\u00f1ana 16 de septiembre a las&#46;&#46;&#46;<\/p>\n","protected":false},"author":2,"featured_media":15106,"comment_status":"open","ping_status":"open","sticky":false,"template":"","format":"standard","meta":{"footnotes":""},"categories":[1],"tags":[19,73,1115,8,6],"class_list":["post-1952","post","type-post","status-publish","format-standard","has-post-thumbnail","hentry","category-noticias","tag-angelica-sepulveda","tag-fiebre-de-baile","tag-noticias","tag-yungay","tag-yungayino"],"_links":{"self":[{"href":"https:\/\/www.yungayino.cl\/noticias\/index.php?rest_route=\/wp\/v2\/posts\/1952","targetHints":{"allow":["GET"]}}],"collection":[{"href":"https:\/\/www.yungayino.cl\/noticias\/index.php?rest_route=\/wp\/v2\/posts"}],"about":[{"href":"https:\/\/www.yungayino.cl\/noticias\/index.php?rest_route=\/wp\/v2\/types\/post"}],"author":[{"embeddable":true,"href":"https:\/\/www.yungayino.cl\/noticias\/index.php?rest_route=\/wp\/v2\/users\/2"}],"replies":[{"embeddable":true,"href":"https:\/\/www.yungayino.cl\/noticias\/index.php?rest_route=%2Fwp%2Fv2%2Fcomments&post=1952"}],"version-history":[{"count":7,"href":"https:\/\/www.yungayino.cl\/noticias\/index.php?rest_route=\/wp\/v2\/posts\/1952\/revisions"}],"predecessor-version":[{"id":1959,"href":"https:\/\/www.yungayino.cl\/noticias\/index.php?rest_route=\/wp\/v2\/posts\/1952\/revisions\/1959"}],"wp:featuredmedia":[{"embeddable":true,"href":"https:\/\/www.yungayino.cl\/noticias\/index.php?rest_route=\/wp\/v2\/media\/15106"}],"wp:attachment":[{"href":"https:\/\/www.yungayino.cl\/noticias\/index.php?rest_route=%2Fwp%2Fv2%2Fmedia&parent=1952"}],"wp:term":[{"taxonomy":"category","embeddable":true,"href":"https:\/\/www.yungayino.cl\/noticias\/index.php?rest_route=%2Fwp%2Fv2%2Fcategories&post=1952"},{"taxonomy":"post_tag","embeddable":true,"href":"https:\/\/www.yungayino.cl\/noticias\/index.php?rest_route=%2Fwp%2Fv2%2Ftags&post=1952"}],"curies":[{"name":"wp","href":"https:\/\/api.w.org\/{rel}","templated":true}]}}