{"id":19523,"date":"2018-08-30T13:00:36","date_gmt":"2018-08-30T16:00:36","guid":{"rendered":"http:\/\/www.yungayino.cl\/noticias\/?p=19523"},"modified":"2018-08-30T16:50:38","modified_gmt":"2018-08-30T19:50:38","slug":"pequenos-agricultores-de-yungay-firman-historico-acuerdo-comercial-con-molinera-heredia","status":"publish","type":"post","link":"https:\/\/www.yungayino.cl\/noticias\/?p=19523","title":{"rendered":"Peque\u00f1os Agricultores de Yungay Firman Hist\u00f3rico Acuerdo Comercial con Molinera Heredia"},"content":{"rendered":"<p><img loading=\"lazy\" decoding=\"async\" class=\"alignnone size-full wp-image-19524\" src=\"http:\/\/www.yungayino.cl\/noticias\/wp-content\/uploads\/2018\/08\/indap_productores_trigo.jpg\" alt=\"\" width=\"700\" height=\"350\" srcset=\"https:\/\/www.yungayino.cl\/noticias\/wp-content\/uploads\/2018\/08\/indap_productores_trigo.jpg 700w, https:\/\/www.yungayino.cl\/noticias\/wp-content\/uploads\/2018\/08\/indap_productores_trigo-300x150.jpg 300w\" sizes=\"auto, (max-width: 700px) 100vw, 700px\" \/><\/p>\n<p style=\"text-align: justify;\">Yungay, jueves 30 de agosto 2018: Un hist\u00f3rico acuerdo comercial con la Molinera Heredia, uno de los m\u00e1s importantes actores del mercado triguero a nivel nacional, firm\u00f3 un grupo de 30 productores del \u00c1rea Yungay de INDAP para la presente temporada.<\/p>\n<p style=\"text-align: justify;\"><iframe loading=\"lazy\" style=\"border: none; overflow: hidden;\" src=\"https:\/\/www.facebook.com\/plugins\/post.php?href=https:\/\/www.facebook.com\/media\/set\/?set=a.2241705512511142&amp;type=1&amp;l=586a7e661d&amp;l=a77e327dc6&amp;l=f5951f1994&amp;l=bfecbb8adf&amp;l=687b6bf5da&amp;width=500&amp;show_text=true&amp;height=691&amp;appId\" width=\"500\" height=\"691\" frameborder=\"0\" scrolling=\"no\"><\/iframe><\/p>\n<p style=\"text-align: justify;\">La firma inserta en un convenio entre la Subsecretar\u00eda de Agricultura e INDAP, busca apoyar la comercializaci\u00f3n de trigo de los peque\u00f1os productores, para quienes este rubro representa su principal fuente de ingresos; orientando as\u00ed el trabajo que realizan a las necesidades del mercado y a la industria que demanda este grano.<\/p>\n<p style=\"text-align: justify;\">Actualmente INDAP se encuentra desarrollando este programa en las regiones del Maule, Biob\u00edo y La Araucan\u00eda, apoyando la comercializaci\u00f3n de trigo de un grupo cercano a los 250\u00a0 productores.<\/p>\n<p style=\"text-align: justify;\">Para conseguir este objetivo se trabaja no s\u00f3lo en apoyo comercial, a trav\u00e9s de la contrataci\u00f3n de gestores comerciales que faciliten el proceso de encadenamiento, sino que tambi\u00e9n entregando apoyo para la adquisici\u00f3n de semillas certificadas de las variedades requeridas por la industria demandante. Esto se complementa con asesor\u00eda t\u00e9cnica especializada, entregada por una empresa experta en cereales y que realiza un trabajo personalizado con cada uno de los grupos que integran\u00a0 la iniciativa.<\/p>\n<p style=\"text-align: justify;\">Lo que se persigue con este programa es que los agricultores produzcan lo que el mercado requiere en cuanto a calidad, cantidad y producir trigos con \u00abnombre y apellido\u00bb y no continuar con granos cuyo mercado y precio finalmente son inciertos.<\/p>\n<p style=\"text-align: justify;\">La firma del acuerdo asegura la comercializaci\u00f3n de un volumen determinado de dos variedades de trigo cuyas caracter\u00edsticas de calidad, prote\u00edna y sedimentaci\u00f3n son de inter\u00e9s para Molinera Heredia, y la entrega de bonificaciones por sobre el precio de mercado.<\/p>\n<p style=\"text-align: justify;\">Finalmente este compromiso comercial se repetir\u00e1 en las Regiones del Maule y la Araucan\u00eda, donde durante los pr\u00f3ximos d\u00edas se firmar\u00e1n los respectivos acuerdos con empresas como Molinera San Crist\u00f3bal, Carozzi y Luchetti.<\/p>\n<p style=\"text-align: justify;\">[su_button url=\u00bbhttps:\/\/www.facebook.com\/media\/set\/?set=a.2241705512511142&amp;type=1&amp;l=586a7e661d\u00bb target=\u00bbblank\u00bb size=\u00bb7&#8243; radius=\u00bbround\u00bb icon=\u00bbicon: facebook-square\u00bb]FOTOGRAF\u00cdAS &#8211; Peque\u00f1os Agricultores de Yungay Firman Hist\u00f3rico Acuerdo Comercial con Molinera Heredia[\/su_button]<\/p>\n","protected":false},"excerpt":{"rendered":"<p>Yungay, jueves 30 de agosto 2018: Un hist\u00f3rico acuerdo comercial con la Molinera Heredia, uno de los m\u00e1s importantes actores del mercado triguero a nivel nacional, firm\u00f3 un grupo de 30 productores del \u00c1rea&#46;&#46;&#46;<\/p>\n","protected":false},"author":2,"featured_media":19524,"comment_status":"closed","ping_status":"open","sticky":false,"template":"","format":"standard","meta":{"footnotes":""},"categories":[1],"tags":[140,1115,8,6,117],"class_list":["post-19523","post","type-post","status-publish","format-standard","has-post-thumbnail","hentry","category-noticias","tag-indap","tag-noticias","tag-yungay","tag-yungayino","tag-yungayinocl"],"_links":{"self":[{"href":"https:\/\/www.yungayino.cl\/noticias\/index.php?rest_route=\/wp\/v2\/posts\/19523","targetHints":{"allow":["GET"]}}],"collection":[{"href":"https:\/\/www.yungayino.cl\/noticias\/index.php?rest_route=\/wp\/v2\/posts"}],"about":[{"href":"https:\/\/www.yungayino.cl\/noticias\/index.php?rest_route=\/wp\/v2\/types\/post"}],"author":[{"embeddable":true,"href":"https:\/\/www.yungayino.cl\/noticias\/index.php?rest_route=\/wp\/v2\/users\/2"}],"replies":[{"embeddable":true,"href":"https:\/\/www.yungayino.cl\/noticias\/index.php?rest_route=%2Fwp%2Fv2%2Fcomments&post=19523"}],"version-history":[{"count":1,"href":"https:\/\/www.yungayino.cl\/noticias\/index.php?rest_route=\/wp\/v2\/posts\/19523\/revisions"}],"predecessor-version":[{"id":19525,"href":"https:\/\/www.yungayino.cl\/noticias\/index.php?rest_route=\/wp\/v2\/posts\/19523\/revisions\/19525"}],"wp:featuredmedia":[{"embeddable":true,"href":"https:\/\/www.yungayino.cl\/noticias\/index.php?rest_route=\/wp\/v2\/media\/19524"}],"wp:attachment":[{"href":"https:\/\/www.yungayino.cl\/noticias\/index.php?rest_route=%2Fwp%2Fv2%2Fmedia&parent=19523"}],"wp:term":[{"taxonomy":"category","embeddable":true,"href":"https:\/\/www.yungayino.cl\/noticias\/index.php?rest_route=%2Fwp%2Fv2%2Fcategories&post=19523"},{"taxonomy":"post_tag","embeddable":true,"href":"https:\/\/www.yungayino.cl\/noticias\/index.php?rest_route=%2Fwp%2Fv2%2Ftags&post=19523"}],"curies":[{"name":"wp","href":"https:\/\/api.w.org\/{rel}","templated":true}]}}