{"id":19530,"date":"2018-08-31T10:00:35","date_gmt":"2018-08-31T13:00:35","guid":{"rendered":"http:\/\/www.yungayino.cl\/noticias\/?p=19530"},"modified":"2018-08-31T15:15:18","modified_gmt":"2018-08-31T18:15:18","slug":"posta-rural-de-san-antonio-de-yungay-celebro-un-nuevo-aniversario","status":"publish","type":"post","link":"https:\/\/www.yungayino.cl\/noticias\/?p=19530","title":{"rendered":"Posta Rural de San Antonio de Yungay Celebr\u00f3 un Nuevo Aniversario"},"content":{"rendered":"<p><img loading=\"lazy\" decoding=\"async\" class=\"alignnone size-full wp-image-19531\" src=\"http:\/\/www.yungayino.cl\/noticias\/wp-content\/uploads\/2018\/08\/san_antonio_posta_aniversario_2018.jpg\" alt=\"\" width=\"700\" height=\"350\" srcset=\"https:\/\/www.yungayino.cl\/noticias\/wp-content\/uploads\/2018\/08\/san_antonio_posta_aniversario_2018.jpg 700w, https:\/\/www.yungayino.cl\/noticias\/wp-content\/uploads\/2018\/08\/san_antonio_posta_aniversario_2018-300x150.jpg 300w\" sizes=\"auto, (max-width: 700px) 100vw, 700px\" \/><\/p>\n<p style=\"text-align: justify;\">Yungay, viernes 31 de agosto 2018: Con un acto realizado ayer jueves a las 12:00 horas se conmemoraron los 30 A\u00f1os de Aniversario de la Posta Rural \u201cPedro Ben\u00edtez Murillo\u201d, ubicada en el Sector Cordillerano de San Antonio, a 22 kil\u00f3metros de Yungay.<\/p>\n<p style=\"text-align: justify;\"><iframe loading=\"lazy\" style=\"border: none; overflow: hidden;\" src=\"https:\/\/www.facebook.com\/plugins\/post.php?href=https:\/\/www.facebook.com\/media\/set\/?set=a.2242817592399934&amp;type=1&amp;l=9502873d89&amp;l=a77e327dc6&amp;l=f5951f1994&amp;l=bfecbb8adf&amp;l=687b6bf5da&amp;width=500&amp;show_text=true&amp;height=691&amp;appId\" width=\"500\" height=\"691\" frameborder=\"0\" scrolling=\"no\"><\/iframe><\/p>\n<p style=\"text-align: justify;\">La actividad cont\u00f3 con la asistencia del Alcalde Sr. Rafael Cifuentes Rodr\u00edguez, las Concejalas, Sra. Juana Sandoval, Srta. Ang\u00e9lica Cabezas y el Concejal Sr. Ricardo Ramos, la Directora del Departamento de Salud Municipal, Srta. Marion Mardones, el Director del CESFAM Campanario, Andr\u00e9s Albornoz, adem\u00e1s de dirigentes, vecinos e invitados especiales, quienes interpretaron el Himno Nacional, continuando con una reflexi\u00f3n hist\u00f3rica de la\u00a0 posta.<\/p>\n<p style=\"text-align: justify;\">El alcalde Sr. Rafael Cifuentes felicit\u00f3 a toda la comunidad y a los funcionarios de la Salud por este nuevo aniversario y todo el trabajo que realizan, tambi\u00e9n agradeci\u00f3 la familia de don \u201cPedro Ben\u00edtez Murillo\u201d a trav\u00e9s de su viuda la se\u00f1ora Orosmira Molina, quien fuera el que don\u00f3 el terreno donde se ubica actualmente la posta.<\/p>\n<p style=\"text-align: justify;\">Destacar que durante el acto se realizaron muestras de nuestro baile nacional para finalizar con un c\u00f3ctel de celebraci\u00f3n por el nuevo aniversario.<\/p>\n<p style=\"text-align: justify;\">[su_button url=\u00bbhttps:\/\/www.facebook.com\/media\/set\/?set=a.2242817592399934&amp;type=1&amp;l=9502873d89&#8243; target=\u00bbblank\u00bb size=\u00bb7&#8243; radius=\u00bbround\u00bb icon=\u00bbicon: facebook-square\u00bb]FOTOGRAF\u00cdAS &#8211; Posta Rural de San Antonio de Yungay Celebr\u00f3 un Nuevo Aniversario[\/su_button]<\/p>\n","protected":false},"excerpt":{"rendered":"<p>Yungay, viernes 31 de agosto 2018: Con un acto realizado ayer jueves a las 12:00 horas se conmemoraron los 30 A\u00f1os de Aniversario de la Posta Rural \u201cPedro Ben\u00edtez Murillo\u201d, ubicada en el Sector&#46;&#46;&#46;<\/p>\n","protected":false},"author":2,"featured_media":19531,"comment_status":"closed","ping_status":"open","sticky":false,"template":"","format":"standard","meta":{"footnotes":""},"categories":[1,1676],"tags":[1214,298,1115,929,65,8,6,117],"class_list":["post-19530","post","type-post","status-publish","format-standard","has-post-thumbnail","hentry","category-noticias","category-salud","tag-30-anos","tag-aniversario","tag-noticias","tag-posta-san-antonio","tag-salud","tag-yungay","tag-yungayino","tag-yungayinocl"],"_links":{"self":[{"href":"https:\/\/www.yungayino.cl\/noticias\/index.php?rest_route=\/wp\/v2\/posts\/19530","targetHints":{"allow":["GET"]}}],"collection":[{"href":"https:\/\/www.yungayino.cl\/noticias\/index.php?rest_route=\/wp\/v2\/posts"}],"about":[{"href":"https:\/\/www.yungayino.cl\/noticias\/index.php?rest_route=\/wp\/v2\/types\/post"}],"author":[{"embeddable":true,"href":"https:\/\/www.yungayino.cl\/noticias\/index.php?rest_route=\/wp\/v2\/users\/2"}],"replies":[{"embeddable":true,"href":"https:\/\/www.yungayino.cl\/noticias\/index.php?rest_route=%2Fwp%2Fv2%2Fcomments&post=19530"}],"version-history":[{"count":2,"href":"https:\/\/www.yungayino.cl\/noticias\/index.php?rest_route=\/wp\/v2\/posts\/19530\/revisions"}],"predecessor-version":[{"id":19533,"href":"https:\/\/www.yungayino.cl\/noticias\/index.php?rest_route=\/wp\/v2\/posts\/19530\/revisions\/19533"}],"wp:featuredmedia":[{"embeddable":true,"href":"https:\/\/www.yungayino.cl\/noticias\/index.php?rest_route=\/wp\/v2\/media\/19531"}],"wp:attachment":[{"href":"https:\/\/www.yungayino.cl\/noticias\/index.php?rest_route=%2Fwp%2Fv2%2Fmedia&parent=19530"}],"wp:term":[{"taxonomy":"category","embeddable":true,"href":"https:\/\/www.yungayino.cl\/noticias\/index.php?rest_route=%2Fwp%2Fv2%2Fcategories&post=19530"},{"taxonomy":"post_tag","embeddable":true,"href":"https:\/\/www.yungayino.cl\/noticias\/index.php?rest_route=%2Fwp%2Fv2%2Ftags&post=19530"}],"curies":[{"name":"wp","href":"https:\/\/api.w.org\/{rel}","templated":true}]}}