{"id":19554,"date":"2018-09-05T13:00:00","date_gmt":"2018-09-05T16:00:00","guid":{"rendered":"http:\/\/www.yungayino.cl\/noticias\/?p=19554"},"modified":"2018-09-05T15:58:45","modified_gmt":"2018-09-05T18:58:45","slug":"en-yungay-se-dio-inicio-a-la-duodecima-version-del-programa-vinculos","status":"publish","type":"post","link":"https:\/\/www.yungayino.cl\/noticias\/?p=19554","title":{"rendered":"En Yungay se Dio Inicio a la Duod\u00e9cima Versi\u00f3n del \u201cPrograma V\u00ednculos\u201d"},"content":{"rendered":"<p><img loading=\"lazy\" decoding=\"async\" class=\"alignnone size-full wp-image-19555\" src=\"http:\/\/www.yungayino.cl\/noticias\/wp-content\/uploads\/2018\/09\/programa_vinculos_201809.jpg\" alt=\"\" width=\"700\" height=\"350\" srcset=\"https:\/\/www.yungayino.cl\/noticias\/wp-content\/uploads\/2018\/09\/programa_vinculos_201809.jpg 700w, https:\/\/www.yungayino.cl\/noticias\/wp-content\/uploads\/2018\/09\/programa_vinculos_201809-300x150.jpg 300w\" sizes=\"auto, (max-width: 700px) 100vw, 700px\" \/><\/p>\n<p style=\"text-align: justify;\">Yungay, mi\u00e9rcoles 05 de septiembre 2018: Con la presencia del Alcalde Sr. Rafael Cifuentes Rodr\u00edguez, el Concejal Sr. Rodrigo Stuardo y la Sra. Concejala Patricia Moncada y la Gestora Regional del Programa V\u00ednculos Srta. Patricia Parra se dio inicio este lunes 03 de septiembre a la Duod\u00e9cima Versi\u00f3n del \u201cPrograma V\u00ednculos\u201d en el que trabajan conjuntamente el Ministerio de Desarrollo Social, SENAMA y la Municipalidad.<\/p>\n<p style=\"text-align: justify;\"><iframe loading=\"lazy\" style=\"border: none; overflow: hidden;\" src=\"https:\/\/www.facebook.com\/plugins\/post.php?href=https:\/\/www.facebook.com\/media\/set\/?set=a.2249029201778773&amp;type=1&amp;l=5ec2311b97&amp;l=a77e327dc6&amp;l=f5951f1994&amp;l=bfecbb8adf&amp;l=687b6bf5da&amp;width=500&amp;show_text=true&amp;height=691&amp;appId\" width=\"500\" height=\"691\" frameborder=\"0\" scrolling=\"no\"><\/iframe><\/p>\n<p style=\"text-align: justify;\">Se\u00f1alar que el Programa V\u00ednculos forma parte de las pol\u00edticas p\u00fablicas orientadas a las personas adultas mayores del pa\u00eds, promoviendo el ejercicio de sus derechos y su participaci\u00f3n activa en redes, reforzando la valorizaci\u00f3n de esta etapa de su vida. Su objetivo es la generaci\u00f3n de condiciones que permitan a los adultos mayores alcanzar mejores condiciones de vida mediante el acceso a prestaciones sociales.<\/p>\n<p style=\"text-align: justify;\"><strong>Srta. Gisela Aguirre<\/strong>, Asistente Social del Departamento de DIDECO y Encargada del Programa V\u00ednculos, se\u00f1alo al Portal Yungayino.cl que el trabajo del programa se llevar\u00e1 a cabo de forma grupal durante dos a\u00f1os, el cual beneficia a 30 adultos mayores de Yungay, donde se destaca el acompa\u00f1amiento continuo a las personas mayores para favorecerles en la articulaci\u00f3n y conexi\u00f3n directa a la red p\u00fablica y comunitaria disponible.<\/p>\n<p style=\"text-align: justify;\">Finalmente la Srta. <strong>Pamela Parra<\/strong>, Gestora Regional del Programa V\u00ednculos se\u00f1alo al Equipo del Portal Yungayino.cl, que el objetivo del programa es entregar instancia a los adultos mayores para que puedan compartir, conocer la oferta program\u00e1tica local del gobierno, adem\u00e1s de entregarles herramientas psicosociales y tambi\u00e9n socio laborales en algunos casos, para que puedan desarrollar sus capacidades de autonom\u00eda y que se hagan participe de variadas actividades de la comuna que a veces no conocen.<\/p>\n<p style=\"text-align: justify;\">[su_button url=\u00bbhttps:\/\/www.facebook.com\/media\/set\/?set=a.2249029201778773&amp;type=1&amp;l=5ec2311b97&#8243; target=\u00bbblank\u00bb size=\u00bb7&#8243; radius=\u00bbround\u00bb icon=\u00bbicon: facebook-square\u00bb]FOTOGRAF\u00cdAS &#8211; En Yungay se Dio Inicio a la Duod\u00e9cima Versi\u00f3n del \u201cPrograma V\u00ednculos\u201d[\/su_button]<\/p>\n","protected":false},"excerpt":{"rendered":"<p>Yungay, mi\u00e9rcoles 05 de septiembre 2018: Con la presencia del Alcalde Sr. Rafael Cifuentes Rodr\u00edguez, el Concejal Sr. Rodrigo Stuardo y la Sra. Concejala Patricia Moncada y la Gestora Regional del Programa V\u00ednculos Srta.&#46;&#46;&#46;<\/p>\n","protected":false},"author":2,"featured_media":19555,"comment_status":"closed","ping_status":"open","sticky":false,"template":"","format":"standard","meta":{"footnotes":""},"categories":[1],"tags":[1115,1792,8,6,117],"class_list":["post-19554","post","type-post","status-publish","format-standard","has-post-thumbnail","hentry","category-noticias","tag-noticias","tag-programa-vinculos","tag-yungay","tag-yungayino","tag-yungayinocl"],"_links":{"self":[{"href":"https:\/\/www.yungayino.cl\/noticias\/index.php?rest_route=\/wp\/v2\/posts\/19554","targetHints":{"allow":["GET"]}}],"collection":[{"href":"https:\/\/www.yungayino.cl\/noticias\/index.php?rest_route=\/wp\/v2\/posts"}],"about":[{"href":"https:\/\/www.yungayino.cl\/noticias\/index.php?rest_route=\/wp\/v2\/types\/post"}],"author":[{"embeddable":true,"href":"https:\/\/www.yungayino.cl\/noticias\/index.php?rest_route=\/wp\/v2\/users\/2"}],"replies":[{"embeddable":true,"href":"https:\/\/www.yungayino.cl\/noticias\/index.php?rest_route=%2Fwp%2Fv2%2Fcomments&post=19554"}],"version-history":[{"count":1,"href":"https:\/\/www.yungayino.cl\/noticias\/index.php?rest_route=\/wp\/v2\/posts\/19554\/revisions"}],"predecessor-version":[{"id":19556,"href":"https:\/\/www.yungayino.cl\/noticias\/index.php?rest_route=\/wp\/v2\/posts\/19554\/revisions\/19556"}],"wp:featuredmedia":[{"embeddable":true,"href":"https:\/\/www.yungayino.cl\/noticias\/index.php?rest_route=\/wp\/v2\/media\/19555"}],"wp:attachment":[{"href":"https:\/\/www.yungayino.cl\/noticias\/index.php?rest_route=%2Fwp%2Fv2%2Fmedia&parent=19554"}],"wp:term":[{"taxonomy":"category","embeddable":true,"href":"https:\/\/www.yungayino.cl\/noticias\/index.php?rest_route=%2Fwp%2Fv2%2Fcategories&post=19554"},{"taxonomy":"post_tag","embeddable":true,"href":"https:\/\/www.yungayino.cl\/noticias\/index.php?rest_route=%2Fwp%2Fv2%2Ftags&post=19554"}],"curies":[{"name":"wp","href":"https:\/\/api.w.org\/{rel}","templated":true}]}}