{"id":19563,"date":"2018-09-05T16:00:08","date_gmt":"2018-09-05T19:00:08","guid":{"rendered":"http:\/\/www.yungayino.cl\/noticias\/?p=19563"},"modified":"2018-09-05T17:44:35","modified_gmt":"2018-09-05T20:44:35","slug":"gobierno-ratifica-a-gobernadores-de-la-region-de-nuble","status":"publish","type":"post","link":"https:\/\/www.yungayino.cl\/noticias\/?p=19563","title":{"rendered":"Gobierno Ratifica a Gobernadores de la Regi\u00f3n de \u00d1uble"},"content":{"rendered":"<p><img loading=\"lazy\" decoding=\"async\" class=\"alignnone size-full wp-image-19564\" src=\"http:\/\/www.yungayino.cl\/noticias\/wp-content\/uploads\/2018\/09\/gobernadores_\u00f1uble_2018.jpg\" alt=\"\" width=\"700\" height=\"350\" srcset=\"https:\/\/www.yungayino.cl\/noticias\/wp-content\/uploads\/2018\/09\/gobernadores_\u00f1uble_2018.jpg 700w, https:\/\/www.yungayino.cl\/noticias\/wp-content\/uploads\/2018\/09\/gobernadores_\u00f1uble_2018-300x150.jpg 300w\" sizes=\"auto, (max-width: 700px) 100vw, 700px\" \/><\/p>\n<p style=\"text-align: justify;\">Comunicado de Prensa \/ Ministerio del Interior y Seguridad P\u00fablica<\/p>\n<p style=\"text-align: justify;\">Yungay, mi\u00e9rcoles 05 de septiembre: El Presidente de la Rep\u00fablica, Sebasti\u00e1n Pi\u00f1era, resolvi\u00f3 nombrar a los Gobernadores de las nuevas provincias de la Regi\u00f3n de \u00d1uble: Diguill\u00edn, Itata y Punilla, las que entran en funcionamiento este jueves 6 de septiembre de 2018, indica el oficio.<\/p>\n<p style=\"text-align: justify;\">Como Gobernadora de la Provincia de Diguill\u00edn design\u00f3 a <strong>Paola Becker<\/strong>, quien hasta la fecha se desempe\u00f1aba como gobernadora de la provincia de \u00d1uble. Becker ha desarrollado una destacada carrera en el \u00e1mbito p\u00fablico, y antes de asumir como gobernadora, la nueva autoridad fue directora de administraci\u00f3n y finanzas del teatro Municipal de Chill\u00e1n y directora de la corporaci\u00f3n municipal Casa Gonzalo Rojas.<\/p>\n<p style=\"text-align: justify;\">Como Gobernadora de la nueva Provincia de Itata, el Presidente Sebasti\u00e1n Pi\u00f1era nombr\u00f3 a <strong>Rossana Y\u00e1\u00f1ez Fuller<\/strong>. Antes de asumir, la nueva autoridad provincial se desempe\u00f1aba como Jefa de Gabinete del Alcalde de Chill\u00e1n, Sergio Zarzar.<\/p>\n<p style=\"text-align: justify;\">Por \u00faltimo, el Presidente designo como Gobernador de la nueva Provincia de Punilla a <strong>Crist\u00f3bal Mart\u00ednez<\/strong>. Previo a su nombramiento, Mart\u00ednez estaba a cargo del Programa Zona de Oportunidades del Itata, dependiente de la Subsecretaria de Desarrollo Regional<\/p>\n<p style=\"text-align: justify;\">Finalmente el Presidente aprovecha esta oportunidad para desearle \u00e9xito a cada una de las autoridades en el desempe\u00f1o de sus funciones en las provincias de la nueva Regi\u00f3n de \u00d1uble.<\/p>\n","protected":false},"excerpt":{"rendered":"<p>Comunicado de Prensa \/ Ministerio del Interior y Seguridad P\u00fablica Yungay, mi\u00e9rcoles 05 de septiembre: El Presidente de la Rep\u00fablica, Sebasti\u00e1n Pi\u00f1era, resolvi\u00f3 nombrar a los Gobernadores de las nuevas provincias de la Regi\u00f3n&#46;&#46;&#46;<\/p>\n","protected":false},"author":2,"featured_media":19564,"comment_status":"closed","ping_status":"open","sticky":false,"template":"","format":"standard","meta":{"footnotes":""},"categories":[3,1],"tags":[1763,1765,1115,1764,1762,8,6,117],"class_list":["post-19563","post","type-post","status-publish","format-standard","has-post-thumbnail","hentry","category-actualidad","category-noticias","tag-diguillin","tag-itata","tag-noticias","tag-punilla","tag-region-nuble","tag-yungay","tag-yungayino","tag-yungayinocl"],"_links":{"self":[{"href":"https:\/\/www.yungayino.cl\/noticias\/index.php?rest_route=\/wp\/v2\/posts\/19563","targetHints":{"allow":["GET"]}}],"collection":[{"href":"https:\/\/www.yungayino.cl\/noticias\/index.php?rest_route=\/wp\/v2\/posts"}],"about":[{"href":"https:\/\/www.yungayino.cl\/noticias\/index.php?rest_route=\/wp\/v2\/types\/post"}],"author":[{"embeddable":true,"href":"https:\/\/www.yungayino.cl\/noticias\/index.php?rest_route=\/wp\/v2\/users\/2"}],"replies":[{"embeddable":true,"href":"https:\/\/www.yungayino.cl\/noticias\/index.php?rest_route=%2Fwp%2Fv2%2Fcomments&post=19563"}],"version-history":[{"count":1,"href":"https:\/\/www.yungayino.cl\/noticias\/index.php?rest_route=\/wp\/v2\/posts\/19563\/revisions"}],"predecessor-version":[{"id":19565,"href":"https:\/\/www.yungayino.cl\/noticias\/index.php?rest_route=\/wp\/v2\/posts\/19563\/revisions\/19565"}],"wp:featuredmedia":[{"embeddable":true,"href":"https:\/\/www.yungayino.cl\/noticias\/index.php?rest_route=\/wp\/v2\/media\/19564"}],"wp:attachment":[{"href":"https:\/\/www.yungayino.cl\/noticias\/index.php?rest_route=%2Fwp%2Fv2%2Fmedia&parent=19563"}],"wp:term":[{"taxonomy":"category","embeddable":true,"href":"https:\/\/www.yungayino.cl\/noticias\/index.php?rest_route=%2Fwp%2Fv2%2Fcategories&post=19563"},{"taxonomy":"post_tag","embeddable":true,"href":"https:\/\/www.yungayino.cl\/noticias\/index.php?rest_route=%2Fwp%2Fv2%2Ftags&post=19563"}],"curies":[{"name":"wp","href":"https:\/\/api.w.org\/{rel}","templated":true}]}}