{"id":19566,"date":"2018-09-05T20:00:38","date_gmt":"2018-09-05T23:00:38","guid":{"rendered":"http:\/\/www.yungayino.cl\/noticias\/?p=19566"},"modified":"2018-09-05T22:10:56","modified_gmt":"2018-09-06T01:10:56","slug":"bomberos-yungay-participo-curso-busqueda-y-rescate-en-zonas-agrestes","status":"publish","type":"post","link":"https:\/\/www.yungayino.cl\/noticias\/?p=19566","title":{"rendered":"Bomberos Yungay Particip\u00f3 Curso \u00abB\u00fasqueda y Rescate en Zonas Agrestes\u00bb"},"content":{"rendered":"<p><img loading=\"lazy\" decoding=\"async\" class=\"alignnone size-full wp-image-19567\" src=\"http:\/\/www.yungayino.cl\/noticias\/wp-content\/uploads\/2018\/09\/bomberos_rescate_agreste.jpg\" alt=\"\" width=\"700\" height=\"350\" srcset=\"https:\/\/www.yungayino.cl\/noticias\/wp-content\/uploads\/2018\/09\/bomberos_rescate_agreste.jpg 700w, https:\/\/www.yungayino.cl\/noticias\/wp-content\/uploads\/2018\/09\/bomberos_rescate_agreste-300x150.jpg 300w\" sizes=\"auto, (max-width: 700px) 100vw, 700px\" \/><\/p>\n<p style=\"text-align: justify;\">Yungay, mi\u00e9rcoles 05 de septiembre 2018: El pasado 31 de agosto, 1 y 2 de Septiembre, Bomberos de Yungay particip\u00f3 satisfactoriamente en el Curso de <strong>\u00abB\u00fasqueda y Rescate en Zonas Agrestes\u00bb,<\/strong> el cu\u00e1l fue impartido por la Tercera Compa\u00f1\u00eda de Bomberos Los Andes \u00bb Bomba Andina\u201d, qui\u00e9nes son los pioneros en esta \u00e1rea t\u00e9cnica de Bomberos de Chile.<\/p>\n<p style=\"text-align: justify;\"><iframe loading=\"lazy\" style=\"border: none; overflow: hidden;\" src=\"https:\/\/www.facebook.com\/plugins\/post.php?href=https:\/\/www.facebook.com\/media\/set\/?set=a.2249331828415177&amp;type=1&amp;l=1c296f4dd0&amp;l=a77e327dc6&amp;l=f5951f1994&amp;l=bfecbb8adf&amp;l=687b6bf5da&amp;width=500&amp;show_text=true&amp;height=691&amp;appId\" width=\"500\" height=\"691\" frameborder=\"0\" scrolling=\"no\"><\/iframe><\/p>\n<p style=\"text-align: justify;\">La capacitaci\u00f3n consisti\u00f3 en t\u00e9cnicas avanzadas de b\u00fasqueda de personas, camillaje en zonas agreste, orientaci\u00f3n cartogr\u00e1fica tanto por br\u00fajula y GPS, b\u00fasqueda de desaparecidos por m\u00e9todo de sondaje en aluviones, anclajes y ventajas mec\u00e1nicas, entre otros puntos m\u00e1s que complementan esta especialidad.<\/p>\n<p style=\"text-align: justify;\">El Superintendente Sr. <strong>Pedro Carrasco Mieres <\/strong>se\u00f1alo al Equipo del Portal Yungayino.cl, estar muy orgulloso de los Bomberos de nuestra comuna, ya que el curso realizado los convierte en pioneros del rescate agreste en nuestra regi\u00f3n, bajo los par\u00e1metros de Bomberos de Chile y gracias a las ense\u00f1anzas de la Tercera Compa\u00f1\u00eda Los Andes, quienes tuvieron un gran despliegue tanto operativo como log\u00edstico para lograr este curso con creces, cabe destacar su gran profesionalismo, experiencia y trayectoria, se\u00f1al\u00f3 el Superintendente.<\/p>\n<p style=\"text-align: justify;\">Finalmente el Superintendente Sr. Pedro Carrasco Mieres, destac\u00f3 que tambi\u00e9n participaron Bomberos de San Carlos, San Fabi\u00e1n, Quill\u00f3n y Concepci\u00f3n.<\/p>\n<p style=\"text-align: justify;\">[su_button url=\u00bbhttps:\/\/www.facebook.com\/media\/set\/?set=a.2249331828415177&amp;type=1&amp;l=1c296f4dd0&#8243; target=\u00bbblank\u00bb size=\u00bb7&#8243; radius=\u00bbround\u00bb icon=\u00bbicon: facebook-square\u00bb]FOTOGRAF\u00cdAS &#8211; Bomberos de Yungay Particip\u00f3 en Curso de \u00abB\u00fasqueda y Rescate en Zonas Agrestes\u00bb[\/su_button]<\/p>\n<p>https:\/\/www.facebook.com\/bomberos.losandes.1\/videos\/242011756506215\/<\/p>\n","protected":false},"excerpt":{"rendered":"<p>Yungay, mi\u00e9rcoles 05 de septiembre 2018: El pasado 31 de agosto, 1 y 2 de Septiembre, Bomberos de Yungay particip\u00f3 satisfactoriamente en el Curso de \u00abB\u00fasqueda y Rescate en Zonas Agrestes\u00bb, el cu\u00e1l fue&#46;&#46;&#46;<\/p>\n","protected":false},"author":2,"featured_media":19567,"comment_status":"closed","ping_status":"open","sticky":false,"template":"","format":"standard","meta":{"footnotes":""},"categories":[1],"tags":[37,1115,8,6,117],"class_list":["post-19566","post","type-post","status-publish","format-standard","has-post-thumbnail","hentry","category-noticias","tag-bomberos","tag-noticias","tag-yungay","tag-yungayino","tag-yungayinocl"],"_links":{"self":[{"href":"https:\/\/www.yungayino.cl\/noticias\/index.php?rest_route=\/wp\/v2\/posts\/19566","targetHints":{"allow":["GET"]}}],"collection":[{"href":"https:\/\/www.yungayino.cl\/noticias\/index.php?rest_route=\/wp\/v2\/posts"}],"about":[{"href":"https:\/\/www.yungayino.cl\/noticias\/index.php?rest_route=\/wp\/v2\/types\/post"}],"author":[{"embeddable":true,"href":"https:\/\/www.yungayino.cl\/noticias\/index.php?rest_route=\/wp\/v2\/users\/2"}],"replies":[{"embeddable":true,"href":"https:\/\/www.yungayino.cl\/noticias\/index.php?rest_route=%2Fwp%2Fv2%2Fcomments&post=19566"}],"version-history":[{"count":2,"href":"https:\/\/www.yungayino.cl\/noticias\/index.php?rest_route=\/wp\/v2\/posts\/19566\/revisions"}],"predecessor-version":[{"id":19569,"href":"https:\/\/www.yungayino.cl\/noticias\/index.php?rest_route=\/wp\/v2\/posts\/19566\/revisions\/19569"}],"wp:featuredmedia":[{"embeddable":true,"href":"https:\/\/www.yungayino.cl\/noticias\/index.php?rest_route=\/wp\/v2\/media\/19567"}],"wp:attachment":[{"href":"https:\/\/www.yungayino.cl\/noticias\/index.php?rest_route=%2Fwp%2Fv2%2Fmedia&parent=19566"}],"wp:term":[{"taxonomy":"category","embeddable":true,"href":"https:\/\/www.yungayino.cl\/noticias\/index.php?rest_route=%2Fwp%2Fv2%2Fcategories&post=19566"},{"taxonomy":"post_tag","embeddable":true,"href":"https:\/\/www.yungayino.cl\/noticias\/index.php?rest_route=%2Fwp%2Fv2%2Ftags&post=19566"}],"curies":[{"name":"wp","href":"https:\/\/api.w.org\/{rel}","templated":true}]}}