{"id":19570,"date":"2018-09-06T19:00:03","date_gmt":"2018-09-06T22:00:03","guid":{"rendered":"http:\/\/www.yungayino.cl\/noticias\/?p=19570"},"modified":"2018-09-06T21:20:59","modified_gmt":"2018-09-07T00:20:59","slug":"acto-de-inauguracion-biblioteca-en-liceo-de-campanario","status":"publish","type":"post","link":"https:\/\/www.yungayino.cl\/noticias\/?p=19570","title":{"rendered":"Acto de Inauguraci\u00f3n Biblioteca en Liceo de Campanario"},"content":{"rendered":"<p><img loading=\"lazy\" decoding=\"async\" class=\"alignnone size-full wp-image-19571\" src=\"http:\/\/www.yungayino.cl\/noticias\/wp-content\/uploads\/2018\/09\/campanario_biblioteca.jpg\" alt=\"\" width=\"700\" height=\"350\" srcset=\"https:\/\/www.yungayino.cl\/noticias\/wp-content\/uploads\/2018\/09\/campanario_biblioteca.jpg 700w, https:\/\/www.yungayino.cl\/noticias\/wp-content\/uploads\/2018\/09\/campanario_biblioteca-300x150.jpg 300w\" sizes=\"auto, (max-width: 700px) 100vw, 700px\" \/><\/p>\n<p style=\"text-align: justify;\">Campanario, jueves 06 de septiembre 2018: Con el tradicional corte de cinta se dio por inaugurada la nueva dependencia de la Biblioteca del Liceo T\u00e9cnico Profesional de Campanario.<\/p>\n<p style=\"text-align: justify;\"><iframe loading=\"lazy\" style=\"border: none; overflow: hidden;\" src=\"https:\/\/www.facebook.com\/plugins\/post.php?href=https:\/\/www.facebook.com\/media\/set\/?set=a.2250500771631616&amp;type=1&amp;l=8c070e6df2&amp;l=a77e327dc6&amp;l=f5951f1994&amp;l=bfecbb8adf&amp;l=687b6bf5da&amp;width=500&amp;show_text=true&amp;height=691&amp;appId\" width=\"500\" height=\"691\" frameborder=\"0\" scrolling=\"no\"><\/iframe><\/p>\n<p style=\"text-align: justify;\">La actividad cont\u00f3 con la asistencia del Alcalde Sr. Rafael Cifuentes Rodr\u00edguez, las Concejalas, Sra. Juana Sandoval, Srta. Ang\u00e9lica Cabezas, Sra. Patricia Moncada y los Concejales Sr. Ricardo Ramos y Sr. Rodrigo Stuardo, la Directora Departamento de Educaci\u00f3n, Sra. Eugenia L\u00f3pez, la Directora Srta. Carmen Panes Cid, adem\u00e1s de alumnos (as) padres, apoderados, profesores e invitados especiales.<\/p>\n<p style=\"text-align: justify;\">El acto se inici\u00f3 con la interpretaci\u00f3n del Himno Nacional, para luego dar pas\u00f3 a presentaciones art\u00edsticas, poes\u00edas y nuestro baile nacional realizados por los propios alumnos (as).<\/p>\n<p style=\"text-align: justify;\">El alcalde Sr. Rafael Cifuentes y la Directora Srta. Carmen Panes, destacaron en sus discursos la importancia de esta nueva dependencia para el Liceo de Campanario, lugar que contribuir\u00e1 significativamente a una mejora en la calidad de la educaci\u00f3n p\u00fablica para los ni\u00f1os (as) y j\u00f3venes que asisten a este establecimiento.<\/p>\n<p style=\"text-align: justify;\">[su_button url=\u00bbhttps:\/\/www.facebook.com\/media\/set\/?set=a.2250500771631616&amp;type=1&amp;l=8c070e6df2&#8243; target=\u00bbblank\u00bb size=\u00bb7&#8243; radius=\u00bbround\u00bb icon=\u00bbicon: facebook-square\u00bb]FOTOGRAF\u00cdAS &#8211; Acto de Inauguraci\u00f3n Biblioteca en Liceo de Campanario[\/su_button]<\/p>\n","protected":false},"excerpt":{"rendered":"<p>Campanario, jueves 06 de septiembre 2018: Con el tradicional corte de cinta se dio por inaugurada la nueva dependencia de la Biblioteca del Liceo T\u00e9cnico Profesional de Campanario. La actividad cont\u00f3 con la asistencia&#46;&#46;&#46;<\/p>\n","protected":false},"author":2,"featured_media":19571,"comment_status":"closed","ping_status":"open","sticky":false,"template":"","format":"standard","meta":{"footnotes":""},"categories":[1],"tags":[583,366,771,1115,8,6,117],"class_list":["post-19570","post","type-post","status-publish","format-standard","has-post-thumbnail","hentry","category-noticias","tag-biblioteca","tag-educacion","tag-liceo-campanario","tag-noticias","tag-yungay","tag-yungayino","tag-yungayinocl"],"_links":{"self":[{"href":"https:\/\/www.yungayino.cl\/noticias\/index.php?rest_route=\/wp\/v2\/posts\/19570","targetHints":{"allow":["GET"]}}],"collection":[{"href":"https:\/\/www.yungayino.cl\/noticias\/index.php?rest_route=\/wp\/v2\/posts"}],"about":[{"href":"https:\/\/www.yungayino.cl\/noticias\/index.php?rest_route=\/wp\/v2\/types\/post"}],"author":[{"embeddable":true,"href":"https:\/\/www.yungayino.cl\/noticias\/index.php?rest_route=\/wp\/v2\/users\/2"}],"replies":[{"embeddable":true,"href":"https:\/\/www.yungayino.cl\/noticias\/index.php?rest_route=%2Fwp%2Fv2%2Fcomments&post=19570"}],"version-history":[{"count":1,"href":"https:\/\/www.yungayino.cl\/noticias\/index.php?rest_route=\/wp\/v2\/posts\/19570\/revisions"}],"predecessor-version":[{"id":19572,"href":"https:\/\/www.yungayino.cl\/noticias\/index.php?rest_route=\/wp\/v2\/posts\/19570\/revisions\/19572"}],"wp:featuredmedia":[{"embeddable":true,"href":"https:\/\/www.yungayino.cl\/noticias\/index.php?rest_route=\/wp\/v2\/media\/19571"}],"wp:attachment":[{"href":"https:\/\/www.yungayino.cl\/noticias\/index.php?rest_route=%2Fwp%2Fv2%2Fmedia&parent=19570"}],"wp:term":[{"taxonomy":"category","embeddable":true,"href":"https:\/\/www.yungayino.cl\/noticias\/index.php?rest_route=%2Fwp%2Fv2%2Fcategories&post=19570"},{"taxonomy":"post_tag","embeddable":true,"href":"https:\/\/www.yungayino.cl\/noticias\/index.php?rest_route=%2Fwp%2Fv2%2Ftags&post=19570"}],"curies":[{"name":"wp","href":"https:\/\/api.w.org\/{rel}","templated":true}]}}