{"id":19594,"date":"2018-09-08T10:00:28","date_gmt":"2018-09-08T13:00:28","guid":{"rendered":"http:\/\/www.yungayino.cl\/noticias\/?p=19594"},"modified":"2018-09-08T13:44:29","modified_gmt":"2018-09-08T16:44:29","slug":"inauguracion-sede-union-comunal-del-adulto-mayor-ucam","status":"publish","type":"post","link":"https:\/\/www.yungayino.cl\/noticias\/?p=19594","title":{"rendered":"Inauguraci\u00f3n Sede Uni\u00f3n Comunal del Adulto Mayor (UCAM)"},"content":{"rendered":"<p><img loading=\"lazy\" decoding=\"async\" class=\"alignnone size-full wp-image-19595\" src=\"http:\/\/www.yungayino.cl\/noticias\/wp-content\/uploads\/2018\/09\/ucam_2018.jpg\" alt=\"\" width=\"700\" height=\"350\" srcset=\"https:\/\/www.yungayino.cl\/noticias\/wp-content\/uploads\/2018\/09\/ucam_2018.jpg 700w, https:\/\/www.yungayino.cl\/noticias\/wp-content\/uploads\/2018\/09\/ucam_2018-300x150.jpg 300w\" sizes=\"auto, (max-width: 700px) 100vw, 700px\" \/><\/p>\n<p style=\"text-align: justify;\">Yungay, s\u00e1bado 08 de septiembre 2018: Una verdadera celebraci\u00f3n tuvieron ayer viernes 07 de septiembre los Adultos Mayores de nuestra comuna, quienes recibieron su anhelada nueva sede con una emotiva ceremonia de inauguraci\u00f3n.<\/p>\n<p style=\"text-align: justify;\">La actividad cont\u00f3 con la presencia del alcalde Sr. Rafael Cifuentes Rodr\u00edguez, Concejales, la Presidenta de la Uni\u00f3n Comunal del Adulto Mayor, Sra. Gladys Ben\u00edtez, la Jefa del Departamento de Desarrollo Comunitario (DIDECO), Sra. Pamela Jelves Acu\u00f1a, el Director del SECPLAN, Sr. Nelson Burgos, Funcionarios Municipales y miembros de los diferentes clubes de adultos mayores de la comuna e invitados especiales.<\/p>\n<p style=\"text-align: justify;\"><iframe loading=\"lazy\" style=\"border: none; overflow: hidden;\" src=\"https:\/\/www.facebook.com\/plugins\/post.php?href=https:\/\/www.facebook.com\/media\/set\/?set=a.2252597134755313&amp;type=1&amp;l=08b25b1af1&amp;l=a77e327dc6&amp;l=f5951f1994&amp;l=bfecbb8adf&amp;l=687b6bf5da&amp;width=500&amp;show_text=true&amp;height=691&amp;appId\" width=\"500\" height=\"691\" frameborder=\"0\" scrolling=\"no\"><\/iframe><\/p>\n<p style=\"text-align: justify;\"><strong>Sra. Gladys Ben\u00edtez<\/strong>, se\u00f1alo sus agradecimientos a la Municipalidad, al alcalde y concejales por el aporte econ\u00f3mico, a la empresa privada que entrego materiales y de manera muy especial al Maestro Sr. Mario San Martin, al Sr. Fernando Cabezas arquitecto del Proyecto y a su esposo Sr. Jos\u00e9 Bravo, quien d\u00eda a d\u00eda permaneci\u00f3 atento a los requerimientos de la obra. Tambi\u00e9n agradeci\u00f3 a Dios por haberla puesto en esta circunstancia tan especial, en la cual asume con orgullo el honor de representar a todos los Adultos Mayores de Yungay.<\/p>\n<p style=\"text-align: justify;\">Al respecto, el Alcalde Sr. <strong>Rafael Cifuentes Rodr\u00edguez <\/strong>se\u00f1alo que este proyecto es el fruto del trabajo colectivo de muchas personas, destacando y felicitando el liderazgo de la Sra. Gladys Ben\u00edtez por su perseverancia y esfuerzo para lograr esta hermosa sede, tambi\u00e9n se\u00f1alo que el municipio siempre est\u00e1 dispuesto para apoyar a los adultos mayores y todas la instituciones de la comuna.<\/p>\n<p style=\"text-align: justify;\">En la ocasi\u00f3n el Diacono Cat\u00f3lico y Pastor Evang\u00e9lico dieron su bendici\u00f3n a la sede y por otro lado los Conjuntos Folcl\u00f3ricos Andalik\u00e1n y Hortelanos de Yungay ambos integrados por Adultos Mayores realizaron presentaci\u00f3n deleitando a los presentes con nuestro baile nacional.<\/p>\n<p style=\"text-align: justify;\">Finalmente todos los asistentes compartieron un c\u00f3ctel para celebrar esta hermosa sede.<\/p>\n<p style=\"text-align: justify;\">[su_button url=\u00bbhttps:\/\/www.facebook.com\/media\/set\/?set=a.2252597134755313&amp;type=1&amp;l=08b25b1af1&#8243; target=\u00bbblank\u00bb size=\u00bb7&#8243; radius=\u00bbround\u00bb icon=\u00bbicon: facebook-square\u00bb]FOTOGRAF\u00cdAS &#8211; Inauguraci\u00f3n Sede Uni\u00f3n Comunal del Adulto Mayor (UCAM)[\/su_button]<\/p>\n","protected":false},"excerpt":{"rendered":"<p>Yungay, s\u00e1bado 08 de septiembre 2018: Una verdadera celebraci\u00f3n tuvieron ayer viernes 07 de septiembre los Adultos Mayores de nuestra comuna, quienes recibieron su anhelada nueva sede con una emotiva ceremonia de inauguraci\u00f3n. La&#46;&#46;&#46;<\/p>\n","protected":false},"author":2,"featured_media":19595,"comment_status":"closed","ping_status":"open","sticky":false,"template":"","format":"standard","meta":{"footnotes":""},"categories":[1],"tags":[1115,1795,1796,8,6,117],"class_list":["post-19594","post","type-post","status-publish","format-standard","has-post-thumbnail","hentry","category-noticias","tag-noticias","tag-ucam","tag-union-comunal-adultos-mayores","tag-yungay","tag-yungayino","tag-yungayinocl"],"_links":{"self":[{"href":"https:\/\/www.yungayino.cl\/noticias\/index.php?rest_route=\/wp\/v2\/posts\/19594","targetHints":{"allow":["GET"]}}],"collection":[{"href":"https:\/\/www.yungayino.cl\/noticias\/index.php?rest_route=\/wp\/v2\/posts"}],"about":[{"href":"https:\/\/www.yungayino.cl\/noticias\/index.php?rest_route=\/wp\/v2\/types\/post"}],"author":[{"embeddable":true,"href":"https:\/\/www.yungayino.cl\/noticias\/index.php?rest_route=\/wp\/v2\/users\/2"}],"replies":[{"embeddable":true,"href":"https:\/\/www.yungayino.cl\/noticias\/index.php?rest_route=%2Fwp%2Fv2%2Fcomments&post=19594"}],"version-history":[{"count":2,"href":"https:\/\/www.yungayino.cl\/noticias\/index.php?rest_route=\/wp\/v2\/posts\/19594\/revisions"}],"predecessor-version":[{"id":19597,"href":"https:\/\/www.yungayino.cl\/noticias\/index.php?rest_route=\/wp\/v2\/posts\/19594\/revisions\/19597"}],"wp:featuredmedia":[{"embeddable":true,"href":"https:\/\/www.yungayino.cl\/noticias\/index.php?rest_route=\/wp\/v2\/media\/19595"}],"wp:attachment":[{"href":"https:\/\/www.yungayino.cl\/noticias\/index.php?rest_route=%2Fwp%2Fv2%2Fmedia&parent=19594"}],"wp:term":[{"taxonomy":"category","embeddable":true,"href":"https:\/\/www.yungayino.cl\/noticias\/index.php?rest_route=%2Fwp%2Fv2%2Fcategories&post=19594"},{"taxonomy":"post_tag","embeddable":true,"href":"https:\/\/www.yungayino.cl\/noticias\/index.php?rest_route=%2Fwp%2Fv2%2Ftags&post=19594"}],"curies":[{"name":"wp","href":"https:\/\/api.w.org\/{rel}","templated":true}]}}