{"id":19604,"date":"2018-09-09T12:00:44","date_gmt":"2018-09-09T15:00:44","guid":{"rendered":"http:\/\/www.yungayino.cl\/noticias\/?p=19604"},"modified":"2018-09-09T12:48:02","modified_gmt":"2018-09-09T15:48:02","slug":"en-sector-la-cabana-de-yungay-se-realizo-actividad-bienvenido-septiembre","status":"publish","type":"post","link":"https:\/\/www.yungayino.cl\/noticias\/?p=19604","title":{"rendered":"En Sector La Caba\u00f1a de Yungay se Realiz\u00f3 Actividad \u201cBienvenido Septiembre\u201d"},"content":{"rendered":"<p><img loading=\"lazy\" decoding=\"async\" class=\"alignnone size-full wp-image-19605\" src=\"http:\/\/www.yungayino.cl\/noticias\/wp-content\/uploads\/2018\/09\/la_caba\u00f1a_bienvenido_septiembre_2018.jpg\" alt=\"\" width=\"700\" height=\"350\" srcset=\"https:\/\/www.yungayino.cl\/noticias\/wp-content\/uploads\/2018\/09\/la_caba\u00f1a_bienvenido_septiembre_2018.jpg 700w, https:\/\/www.yungayino.cl\/noticias\/wp-content\/uploads\/2018\/09\/la_caba\u00f1a_bienvenido_septiembre_2018-300x150.jpg 300w\" sizes=\"auto, (max-width: 700px) 100vw, 700px\" \/><\/p>\n<p style=\"text-align: justify;\">Yungay, domingo 9 de septiembre 2018: La Junta de Vecinos del Sector La Caba\u00f1a organiz\u00f3 la actividad denomina <strong>\u201cBienvenido Septiembre<\/strong>\u201d con el apoyo del Municipio, donde los asistentes tanto ni\u00f1o(as) como adultos que asistieron participaron activamente con mucha alegr\u00eda y entusiasmo de la diferentes actividades preparadas para la ocasi\u00f3n.<\/p>\n<p style=\"text-align: justify;\"><iframe loading=\"lazy\" style=\"border: none; overflow: hidden;\" src=\"https:\/\/www.facebook.com\/plugins\/post.php?href=https:\/\/www.facebook.com\/media\/set\/?set=a.2253892717959088&amp;type=1&amp;l=8c009fa827&amp;l=a77e327dc6&amp;l=f5951f1994&amp;l=bfecbb8adf&amp;l=687b6bf5da&amp;width=500&amp;show_text=true&amp;height=691&amp;appId\" width=\"500\" height=\"691\" frameborder=\"0\" scrolling=\"no\"><\/iframe><\/p>\n<p style=\"text-align: justify;\">La jornada se desarroll\u00f3 en el Centro Deportivo La Caba\u00f1a, la cual cont\u00f3 con la asistencia del Alcalde Sr. Rafael Cifuentes Rodr\u00edguez, el Concejal Sr. Ricardo Ramos y Concejalas Sra. Juana Sandoval y Sra. Patricia Moncada, la Jefa del Departamento de Desarrollo Comunitario (DIDECO), Sra. Pamela Jelves Acu\u00f1a, el Director del SECPLAN, Sr. Nelson Burgos, qui\u00e9nes realizaron el tradicional corte de cinta que dio por inaugurada la actividad, para luego realizar y compartir un brindis en cacho, adem\u00e1s de bailar nuestro baile nacional.<\/p>\n<p style=\"text-align: justify;\">Finalmente destacar que se desarrollaron competencias con variados juegos t\u00edpicos como \u201ctirar la cuerda\u201d, \u201ccarrera huevo en la cuchara\u201d, \u201cyincana\u201d, \u201ccarrera en saco\u201d, entre otras, donde los ganadores tanto grandes como peque\u00f1os recibieron premios.<\/p>\n<p style=\"text-align: justify;\">[su_button url=\u00bbhttps:\/\/www.facebook.com\/media\/set\/?set=a.2253892717959088&amp;type=1&amp;l=8c009fa827&#8243; target=\u00bbblank\u00bb size=\u00bb7&#8243; radius=\u00bbround\u00bb icon=\u00bbicon: facebook-square\u00bb]FOTOGRAF\u00cdAS &#8211; En Sector La Caba\u00f1a de Yungay se Realiz\u00f3 Actividad \u201cBienvenido Septiembre\u201d[\/su_button]<\/p>\n","protected":false},"excerpt":{"rendered":"<p>Yungay, domingo 9 de septiembre 2018: La Junta de Vecinos del Sector La Caba\u00f1a organiz\u00f3 la actividad denomina \u201cBienvenido Septiembre\u201d con el apoyo del Municipio, donde los asistentes tanto ni\u00f1o(as) como adultos que asistieron&#46;&#46;&#46;<\/p>\n","protected":false},"author":2,"featured_media":19605,"comment_status":"closed","ping_status":"open","sticky":false,"template":"","format":"standard","meta":{"footnotes":""},"categories":[1],"tags":[1800,528,529,1418,1115,8,6,1799],"class_list":["post-19604","post","type-post","status-publish","format-standard","has-post-thumbnail","hentry","category-noticias","tag-bienvenido-septiembre","tag-fiestas-patrias","tag-juegos-populares","tag-la-cabana","tag-noticias","tag-yungay","tag-yungayino","tag-yuungayino-cl"],"_links":{"self":[{"href":"https:\/\/www.yungayino.cl\/noticias\/index.php?rest_route=\/wp\/v2\/posts\/19604","targetHints":{"allow":["GET"]}}],"collection":[{"href":"https:\/\/www.yungayino.cl\/noticias\/index.php?rest_route=\/wp\/v2\/posts"}],"about":[{"href":"https:\/\/www.yungayino.cl\/noticias\/index.php?rest_route=\/wp\/v2\/types\/post"}],"author":[{"embeddable":true,"href":"https:\/\/www.yungayino.cl\/noticias\/index.php?rest_route=\/wp\/v2\/users\/2"}],"replies":[{"embeddable":true,"href":"https:\/\/www.yungayino.cl\/noticias\/index.php?rest_route=%2Fwp%2Fv2%2Fcomments&post=19604"}],"version-history":[{"count":1,"href":"https:\/\/www.yungayino.cl\/noticias\/index.php?rest_route=\/wp\/v2\/posts\/19604\/revisions"}],"predecessor-version":[{"id":19606,"href":"https:\/\/www.yungayino.cl\/noticias\/index.php?rest_route=\/wp\/v2\/posts\/19604\/revisions\/19606"}],"wp:featuredmedia":[{"embeddable":true,"href":"https:\/\/www.yungayino.cl\/noticias\/index.php?rest_route=\/wp\/v2\/media\/19605"}],"wp:attachment":[{"href":"https:\/\/www.yungayino.cl\/noticias\/index.php?rest_route=%2Fwp%2Fv2%2Fmedia&parent=19604"}],"wp:term":[{"taxonomy":"category","embeddable":true,"href":"https:\/\/www.yungayino.cl\/noticias\/index.php?rest_route=%2Fwp%2Fv2%2Fcategories&post=19604"},{"taxonomy":"post_tag","embeddable":true,"href":"https:\/\/www.yungayino.cl\/noticias\/index.php?rest_route=%2Fwp%2Fv2%2Ftags&post=19604"}],"curies":[{"name":"wp","href":"https:\/\/api.w.org\/{rel}","templated":true}]}}