{"id":19610,"date":"2018-09-11T10:00:08","date_gmt":"2018-09-11T13:00:08","guid":{"rendered":"http:\/\/www.yungayino.cl\/noticias\/?p=19610"},"modified":"2018-09-11T12:27:54","modified_gmt":"2018-09-11T15:27:54","slug":"se-constituyo-la-mesa-de-trabajo-del-pladetur-santa-lucia-bajo","status":"publish","type":"post","link":"https:\/\/www.yungayino.cl\/noticias\/?p=19610","title":{"rendered":"Se Constituy\u00f3 la Mesa de Trabajo del PLADETUR Santa Luc\u00eda Bajo"},"content":{"rendered":"<p><img loading=\"lazy\" decoding=\"async\" class=\"alignnone size-full wp-image-19615\" src=\"http:\/\/www.yungayino.cl\/noticias\/wp-content\/uploads\/2018\/09\/logo_santa_lucia_bajo-1.jpg\" alt=\"\" width=\"700\" height=\"300\" srcset=\"https:\/\/www.yungayino.cl\/noticias\/wp-content\/uploads\/2018\/09\/logo_santa_lucia_bajo-1.jpg 700w, https:\/\/www.yungayino.cl\/noticias\/wp-content\/uploads\/2018\/09\/logo_santa_lucia_bajo-1-300x129.jpg 300w, https:\/\/www.yungayino.cl\/noticias\/wp-content\/uploads\/2018\/09\/logo_santa_lucia_bajo-1-350x150.jpg 350w\" sizes=\"auto, (max-width: 700px) 100vw, 700px\" \/><\/p>\n<p style=\"text-align: justify;\">Yungay, martes 11 de septiembre 2018: Tras un periodo de 8 meses de trabajo en talleres junto a los vecinos del sector de Santa Luc\u00eda Bajo y con el objetivo de analizar los alcances del Plan de Desarrollo Tur\u00edstico anunciado para la zona, se constituy\u00f3 en Yungay la Mesa de Trabajo PLADETUR Santa Luc\u00eda Bajo.<\/p>\n<p style=\"text-align: justify;\">Una instancia en que participan los representantes del Servicio Nacional de Turismo (Sernatur), la Municipalidad de Yungay, los vecinos del sector de Santa Luc\u00eda Bajo y los representantes de la Peque\u00f1a Central Hidroel\u00e9ctrica de Pasada, El Pinar.<\/p>\n<p style=\"text-align: justify;\"><iframe loading=\"lazy\" style=\"border: none; overflow: hidden;\" src=\"https:\/\/www.facebook.com\/plugins\/post.php?href=https:\/\/www.facebook.com\/media\/set\/?set=a.2256299717718388&amp;type=1&amp;l=e8cf808c05&amp;l=a77e327dc6&amp;l=f5951f1994&amp;l=bfecbb8adf&amp;l=687b6bf5da&amp;width=500&amp;show_text=true&amp;height=691&amp;appId\" width=\"500\" height=\"691\" frameborder=\"0\" scrolling=\"no\"><\/iframe><\/p>\n<p style=\"text-align: justify;\">Durante la reuni\u00f3n se explicaron la metodolog\u00eda utilizada y los resultados obtenidos con los vecinos en el marco del PLADETUR, en el marco del cumplimiento de los compromisos establecidos por la central El Pinar en su Resoluci\u00f3n de Calificaci\u00f3n Ambiental (RCA).<\/p>\n<p style=\"text-align: justify;\">Tras la revisi\u00f3n de la RCA de la Central El Pinar por parte de los participantes, la mesa de trabajo abord\u00f3 los intereses planteados por los vecinos de Santa Luc\u00eda Bajo en los tres \u00e1mbitos a cumplir, de acuerdo a la resoluci\u00f3n. Estos son: capacitaci\u00f3n, infraestructura y difusi\u00f3n tur\u00edstica.<\/p>\n<p style=\"text-align: justify;\">Respecto al primero de los puntos, los vecinos plantearon la necesidad de capacitarse como gu\u00edas tur\u00edsticos a nivel local. Asimismo, en materia de difusi\u00f3n, se acord\u00f3 la creaci\u00f3n de 1.000 folletos con informaci\u00f3n tur\u00edstica del destino en \u00e9poca estival y su emisi\u00f3n radial a nivel local.<\/p>\n<p style=\"text-align: justify;\">En cuanto a infraestructura y de acuerdo a la propia elecci\u00f3n de los vecinos, se ratific\u00f3 una inversi\u00f3n para la instalaci\u00f3n de un parador informativo y se\u00f1al\u00e9tica vial para el sector.<\/p>\n<p style=\"text-align: justify;\">La pr\u00f3xima reuni\u00f3n de la Mesa de Trabajo conformada en torno al Plan de Desarrollo Tur\u00edstico, se realizar\u00e1 el pr\u00f3ximo 5 de octubre, cita en la que se pretende dar por terminado el informe PLADETUR de Santa Luc\u00eda Bajo.<\/p>\n<p style=\"text-align: justify;\">[su_button url=\u00bbhttps:\/\/www.facebook.com\/media\/set\/?set=a.2256299717718388&amp;type=1&amp;l=e8cf808c05&#8243; target=\u00bbblank\u00bb size=\u00bb7&#8243; radius=\u00bbround\u00bb icon=\u00bbicon: facebook-square\u00bb]FOTOGRAF\u00cdAS &#8211; Se Constituy\u00f3 la Mesa de Trabajo del PLADETUR Santa Luc\u00eda Bajo[\/su_button]<\/p>\n","protected":false},"excerpt":{"rendered":"<p>Yungay, martes 11 de septiembre 2018: Tras un periodo de 8 meses de trabajo en talleres junto a los vecinos del sector de Santa Luc\u00eda Bajo y con el objetivo de analizar los alcances&#46;&#46;&#46;<\/p>\n","protected":false},"author":2,"featured_media":19615,"comment_status":"closed","ping_status":"open","sticky":false,"template":"","format":"standard","meta":{"footnotes":""},"categories":[1,15],"tags":[1644,1115,1356,302,8,6,117],"class_list":["post-19610","post","type-post","status-publish","format-standard","has-post-thumbnail","hentry","category-noticias","category-turismo","tag-central-el-pinar","tag-noticias","tag-pladetur","tag-santa-lucia-bajo","tag-yungay","tag-yungayino","tag-yungayinocl"],"_links":{"self":[{"href":"https:\/\/www.yungayino.cl\/noticias\/index.php?rest_route=\/wp\/v2\/posts\/19610","targetHints":{"allow":["GET"]}}],"collection":[{"href":"https:\/\/www.yungayino.cl\/noticias\/index.php?rest_route=\/wp\/v2\/posts"}],"about":[{"href":"https:\/\/www.yungayino.cl\/noticias\/index.php?rest_route=\/wp\/v2\/types\/post"}],"author":[{"embeddable":true,"href":"https:\/\/www.yungayino.cl\/noticias\/index.php?rest_route=\/wp\/v2\/users\/2"}],"replies":[{"embeddable":true,"href":"https:\/\/www.yungayino.cl\/noticias\/index.php?rest_route=%2Fwp%2Fv2%2Fcomments&post=19610"}],"version-history":[{"count":3,"href":"https:\/\/www.yungayino.cl\/noticias\/index.php?rest_route=\/wp\/v2\/posts\/19610\/revisions"}],"predecessor-version":[{"id":19617,"href":"https:\/\/www.yungayino.cl\/noticias\/index.php?rest_route=\/wp\/v2\/posts\/19610\/revisions\/19617"}],"wp:featuredmedia":[{"embeddable":true,"href":"https:\/\/www.yungayino.cl\/noticias\/index.php?rest_route=\/wp\/v2\/media\/19615"}],"wp:attachment":[{"href":"https:\/\/www.yungayino.cl\/noticias\/index.php?rest_route=%2Fwp%2Fv2%2Fmedia&parent=19610"}],"wp:term":[{"taxonomy":"category","embeddable":true,"href":"https:\/\/www.yungayino.cl\/noticias\/index.php?rest_route=%2Fwp%2Fv2%2Fcategories&post=19610"},{"taxonomy":"post_tag","embeddable":true,"href":"https:\/\/www.yungayino.cl\/noticias\/index.php?rest_route=%2Fwp%2Fv2%2Ftags&post=19610"}],"curies":[{"name":"wp","href":"https:\/\/api.w.org\/{rel}","templated":true}]}}