{"id":19613,"date":"2018-09-11T12:00:40","date_gmt":"2018-09-11T15:00:40","guid":{"rendered":"http:\/\/www.yungayino.cl\/noticias\/?p=19613"},"modified":"2018-09-11T12:37:01","modified_gmt":"2018-09-11T15:37:01","slug":"bafcor-de-coronel-y-pasion-cuquera-de-yungay-realizaron-gala-folclorica","status":"publish","type":"post","link":"https:\/\/www.yungayino.cl\/noticias\/?p=19613","title":{"rendered":"\u201cBAFCOR\u201d de Coronel y \u201cPasi\u00f3n Cuquera\u201d de Yungay Realizaron Gala Folcl\u00f3rica"},"content":{"rendered":"<p><img loading=\"lazy\" decoding=\"async\" class=\"alignnone size-full wp-image-19618\" src=\"http:\/\/www.yungayino.cl\/noticias\/wp-content\/uploads\/2018\/09\/bafcor_yungay_2018.jpg\" alt=\"\" width=\"700\" height=\"350\" srcset=\"https:\/\/www.yungayino.cl\/noticias\/wp-content\/uploads\/2018\/09\/bafcor_yungay_2018.jpg 700w, https:\/\/www.yungayino.cl\/noticias\/wp-content\/uploads\/2018\/09\/bafcor_yungay_2018-300x150.jpg 300w\" sizes=\"auto, (max-width: 700px) 100vw, 700px\" \/><\/p>\n<p style=\"text-align: justify;\">Yungay, martes 11 de septiembre 2018: Una destacada Gala Folcl\u00f3rica realizaron el pasado s\u00e1bado 8 de septiembre <strong>\u201cBAFCOR\u201d<\/strong> de Coronel y <strong>\u201cPasi\u00f3n Cuequera\u201d<\/strong> de Yungay, la cual se llev\u00f3 a cabo en las dependencias de Sal\u00f3n Multiuso como parte del Programa e la Fiestas Patrias 2018.<\/p>\n<p style=\"text-align: justify;\"><iframe loading=\"lazy\" style=\"border: none; overflow: hidden;\" src=\"https:\/\/www.facebook.com\/plugins\/post.php?href=https:\/\/www.facebook.com\/media\/set\/?set=a.2256323097716050&amp;type=1&amp;l=b26175947c&amp;l=a77e327dc6&amp;l=f5951f1994&amp;l=bfecbb8adf&amp;l=687b6bf5da&amp;width=500&amp;show_text=true&amp;height=691&amp;appId\" width=\"500\" height=\"691\" frameborder=\"0\" scrolling=\"no\"><\/iframe><\/p>\n<p style=\"text-align: justify;\">El p\u00fablico que asisti\u00f3 pudo deleitarse con una impecable presentaci\u00f3n por parte de ambas agrupaciones, donde la Compa\u00f1\u00eda de Danza Latinoamericana <strong>\u201cBAFCOR\u201d<\/strong> de Coronel, que naci\u00f3 el a\u00f1o 2006, y que es una instituci\u00f3n cultural dedicada a preservar, investigar y difundir, las costumbres y vivencias por medio de la danza y la m\u00fasica, de las diferentes zonas de nuestro pa\u00eds y del folclor latinoamericano se llev\u00f3 el aplauso del p\u00fablico que asisti\u00f3 a este hermoso espect\u00e1culo.<\/p>\n<p style=\"text-align: justify;\">Por su parte el Club <strong>\u201cPasi\u00f3n Cuequera\u201d<\/strong> de Yungay pudo mostrar tambi\u00e9n su trabajo de 12 a\u00f1os ya de vida art\u00edstico a los presentes y esperando que en el futuro puedan desarrollar m\u00e1s presentaciones.<\/p>\n<p style=\"text-align: justify;\">[su_button url=\u00bbhttps:\/\/www.facebook.com\/media\/set\/?set=a.2256323097716050&amp;type=1&amp;l=b26175947c\u00bb target=\u00bbblank\u00bb size=\u00bb7&#8243; radius=\u00bbround\u00bb icon=\u00bbicon: facebook-square\u00bb]FOTOGRAF\u00cdAS &#8211; \u201cBAFCOR\u201d de Coronel y \u201cPasi\u00f3n Cuquera\u201d de Yungay Realizaron Gala Folcl\u00f3rica[\/su_button]<\/p>\n","protected":false},"excerpt":{"rendered":"<p>Yungay, martes 11 de septiembre 2018: Una destacada Gala Folcl\u00f3rica realizaron el pasado s\u00e1bado 8 de septiembre \u201cBAFCOR\u201d de Coronel y \u201cPasi\u00f3n Cuequera\u201d de Yungay, la cual se llev\u00f3 a cabo en las dependencias&#46;&#46;&#46;<\/p>\n","protected":false},"author":2,"featured_media":19618,"comment_status":"closed","ping_status":"open","sticky":false,"template":"","format":"standard","meta":{"footnotes":""},"categories":[1],"tags":[1288,593,1115,866,8,6,117],"class_list":["post-19613","post","type-post","status-publish","format-standard","has-post-thumbnail","hentry","category-noticias","tag-bafcor","tag-gala-folclorica","tag-noticias","tag-pasion-cuequera","tag-yungay","tag-yungayino","tag-yungayinocl"],"_links":{"self":[{"href":"https:\/\/www.yungayino.cl\/noticias\/index.php?rest_route=\/wp\/v2\/posts\/19613","targetHints":{"allow":["GET"]}}],"collection":[{"href":"https:\/\/www.yungayino.cl\/noticias\/index.php?rest_route=\/wp\/v2\/posts"}],"about":[{"href":"https:\/\/www.yungayino.cl\/noticias\/index.php?rest_route=\/wp\/v2\/types\/post"}],"author":[{"embeddable":true,"href":"https:\/\/www.yungayino.cl\/noticias\/index.php?rest_route=\/wp\/v2\/users\/2"}],"replies":[{"embeddable":true,"href":"https:\/\/www.yungayino.cl\/noticias\/index.php?rest_route=%2Fwp%2Fv2%2Fcomments&post=19613"}],"version-history":[{"count":2,"href":"https:\/\/www.yungayino.cl\/noticias\/index.php?rest_route=\/wp\/v2\/posts\/19613\/revisions"}],"predecessor-version":[{"id":19619,"href":"https:\/\/www.yungayino.cl\/noticias\/index.php?rest_route=\/wp\/v2\/posts\/19613\/revisions\/19619"}],"wp:featuredmedia":[{"embeddable":true,"href":"https:\/\/www.yungayino.cl\/noticias\/index.php?rest_route=\/wp\/v2\/media\/19618"}],"wp:attachment":[{"href":"https:\/\/www.yungayino.cl\/noticias\/index.php?rest_route=%2Fwp%2Fv2%2Fmedia&parent=19613"}],"wp:term":[{"taxonomy":"category","embeddable":true,"href":"https:\/\/www.yungayino.cl\/noticias\/index.php?rest_route=%2Fwp%2Fv2%2Fcategories&post=19613"},{"taxonomy":"post_tag","embeddable":true,"href":"https:\/\/www.yungayino.cl\/noticias\/index.php?rest_route=%2Fwp%2Fv2%2Ftags&post=19613"}],"curies":[{"name":"wp","href":"https:\/\/api.w.org\/{rel}","templated":true}]}}