{"id":19620,"date":"2018-09-11T12:30:46","date_gmt":"2018-09-11T15:30:46","guid":{"rendered":"http:\/\/www.yungayino.cl\/noticias\/?p=19620"},"modified":"2018-09-11T13:16:50","modified_gmt":"2018-09-11T16:16:50","slug":"servicio-de-accion-de-gracias-por-la-patria-2018-se-realizo-en-yungay","status":"publish","type":"post","link":"https:\/\/www.yungayino.cl\/noticias\/?p=19620","title":{"rendered":"Servicio de Acci\u00f3n de Gracias Por la Patria 2018 se Realiz\u00f3 en Yungay"},"content":{"rendered":"<p><img loading=\"lazy\" decoding=\"async\" class=\"alignnone size-full wp-image-19622\" src=\"http:\/\/www.yungayino.cl\/noticias\/wp-content\/uploads\/2018\/09\/servicio_accion_gracia_2018.jpg\" alt=\"\" width=\"700\" height=\"350\" srcset=\"https:\/\/www.yungayino.cl\/noticias\/wp-content\/uploads\/2018\/09\/servicio_accion_gracia_2018.jpg 700w, https:\/\/www.yungayino.cl\/noticias\/wp-content\/uploads\/2018\/09\/servicio_accion_gracia_2018-300x150.jpg 300w\" sizes=\"auto, (max-width: 700px) 100vw, 700px\" \/><\/p>\n<p style=\"text-align: justify;\">Yungay, martes 11 de septiembre 2018: El pasado Domingo 09 de septiembre se realiz\u00f3 el Servicio de Acci\u00f3n de Gracias Evang\u00e9lico por la Patria 2018 en la Iglesia Metodista Pentecostal, Templo La Ca\u00f1ada de Yungay.<\/p>\n<p style=\"text-align: justify;\"><iframe loading=\"lazy\" style=\"border: none; overflow: hidden;\" src=\"https:\/\/www.facebook.com\/plugins\/post.php?href=https:\/\/www.facebook.com\/media\/set\/?set=a.2256374687710891&amp;type=1&amp;l=37664e83fe&amp;l=a77e327dc6&amp;l=f5951f1994&amp;l=bfecbb8adf&amp;l=687b6bf5da&amp;width=500&amp;show_text=true&amp;height=691&amp;appId\" width=\"500\" height=\"691\" frameborder=\"0\" scrolling=\"no\"><\/iframe><\/p>\n<p style=\"text-align: justify;\">El culto se realiz\u00f3 para celebrar por un a\u00f1o m\u00e1s de nuestra patria y \u201corar por nuestra naci\u00f3n y sus autoridades\u201d, adem\u00e1s en la ocasi\u00f3n tambi\u00e9n se efectuaron un conjunto de oraciones de acci\u00f3n de gracias, por la comuna y su comunidad.<\/p>\n<p style=\"text-align: justify;\">Al oficio religioso asisti\u00f3 el Alcalde Rafael Cifuentes y su Sra. Sandra Mart\u00ednez, Concejales, Pastores de las diversas Iglesias de la comuna y autoridades locales.<\/p>\n<p style=\"text-align: justify;\">Destacar que las pr\u00e9dicas, canciones y alabanzas fueron acompa\u00f1adas durante toda la ceremonia por el Coro Instrumental.<\/p>\n<p style=\"text-align: justify;\">Finalmente terminada la actividad, la comunidad evang\u00e9lica hizo entrega de un presente a la primera autoridad comunal y se\u00f1ora.<\/p>\n<p style=\"text-align: justify;\">[su_button url=\u00bbhttps:\/\/www.facebook.com\/media\/set\/?set=a.2256374687710891&amp;type=1&amp;l=37664e83fe\u00bb target=\u00bbblank\u00bb size=\u00bb7&#8243; radius=\u00bbround\u00bb icon=\u00bbicon: facebook-square\u00bb]FOTOGRAF\u00cdAS &#8211; Servicio de Acci\u00f3n de Gracias Por la Patria 2018 se Realiz\u00f3 en Yungay[\/su_button]<\/p>\n","protected":false},"excerpt":{"rendered":"<p>Yungay, martes 11 de septiembre 2018: El pasado Domingo 09 de septiembre se realiz\u00f3 el Servicio de Acci\u00f3n de Gracias Evang\u00e9lico por la Patria 2018 en la Iglesia Metodista Pentecostal, Templo La Ca\u00f1ada de&#46;&#46;&#46;<\/p>\n","protected":false},"author":2,"featured_media":19622,"comment_status":"closed","ping_status":"open","sticky":false,"template":"","format":"standard","meta":{"footnotes":""},"categories":[1],"tags":[1115,1803,8,6,117],"class_list":["post-19620","post","type-post","status-publish","format-standard","has-post-thumbnail","hentry","category-noticias","tag-noticias","tag-servicio-accion-de-gracia","tag-yungay","tag-yungayino","tag-yungayinocl"],"_links":{"self":[{"href":"https:\/\/www.yungayino.cl\/noticias\/index.php?rest_route=\/wp\/v2\/posts\/19620","targetHints":{"allow":["GET"]}}],"collection":[{"href":"https:\/\/www.yungayino.cl\/noticias\/index.php?rest_route=\/wp\/v2\/posts"}],"about":[{"href":"https:\/\/www.yungayino.cl\/noticias\/index.php?rest_route=\/wp\/v2\/types\/post"}],"author":[{"embeddable":true,"href":"https:\/\/www.yungayino.cl\/noticias\/index.php?rest_route=\/wp\/v2\/users\/2"}],"replies":[{"embeddable":true,"href":"https:\/\/www.yungayino.cl\/noticias\/index.php?rest_route=%2Fwp%2Fv2%2Fcomments&post=19620"}],"version-history":[{"count":2,"href":"https:\/\/www.yungayino.cl\/noticias\/index.php?rest_route=\/wp\/v2\/posts\/19620\/revisions"}],"predecessor-version":[{"id":19623,"href":"https:\/\/www.yungayino.cl\/noticias\/index.php?rest_route=\/wp\/v2\/posts\/19620\/revisions\/19623"}],"wp:featuredmedia":[{"embeddable":true,"href":"https:\/\/www.yungayino.cl\/noticias\/index.php?rest_route=\/wp\/v2\/media\/19622"}],"wp:attachment":[{"href":"https:\/\/www.yungayino.cl\/noticias\/index.php?rest_route=%2Fwp%2Fv2%2Fmedia&parent=19620"}],"wp:term":[{"taxonomy":"category","embeddable":true,"href":"https:\/\/www.yungayino.cl\/noticias\/index.php?rest_route=%2Fwp%2Fv2%2Fcategories&post=19620"},{"taxonomy":"post_tag","embeddable":true,"href":"https:\/\/www.yungayino.cl\/noticias\/index.php?rest_route=%2Fwp%2Fv2%2Ftags&post=19620"}],"curies":[{"name":"wp","href":"https:\/\/api.w.org\/{rel}","templated":true}]}}