{"id":19624,"date":"2018-09-11T13:00:17","date_gmt":"2018-09-11T16:00:17","guid":{"rendered":"http:\/\/www.yungayino.cl\/noticias\/?p=19624"},"modified":"2018-09-11T13:24:25","modified_gmt":"2018-09-11T16:24:25","slug":"yungayino-obtuvo-2-lugar-en-el-primer-desafio-de-mountanbike-realizado-en-la-comuna-de-san-rosendo","status":"publish","type":"post","link":"https:\/\/www.yungayino.cl\/noticias\/?p=19624","title":{"rendered":"Yungayino Obtuvo 2\u00b0 Lugar en el \u201cPrimer Desaf\u00edo de Mountanbike\u201d Realizado en la Comuna de San Rosendo"},"content":{"rendered":"<p><img loading=\"lazy\" decoding=\"async\" class=\"alignnone size-full wp-image-19625\" src=\"http:\/\/www.yungayino.cl\/noticias\/wp-content\/uploads\/2018\/09\/marco_parra.jpg\" alt=\"\" width=\"700\" height=\"350\" srcset=\"https:\/\/www.yungayino.cl\/noticias\/wp-content\/uploads\/2018\/09\/marco_parra.jpg 700w, https:\/\/www.yungayino.cl\/noticias\/wp-content\/uploads\/2018\/09\/marco_parra-300x150.jpg 300w\" sizes=\"auto, (max-width: 700px) 100vw, 700px\" \/><\/p>\n<p style=\"text-align: justify;\">Yungay, martes 11 de septiembre 2018: Una destacada participaci\u00f3n tuvo Sr. <strong>Marco Parra<\/strong>, representando a Yungay en el \u201cPrimer Desaf\u00edo de Mountanbike\u201d realizado el pasado fin de semana en la comuna de San Rosendo.<\/p>\n<p style=\"text-align: justify;\"><iframe loading=\"lazy\" style=\"border: none; overflow: hidden;\" src=\"https:\/\/www.facebook.com\/plugins\/post.php?href=https:\/\/www.facebook.com\/media\/set\/?set=a.2256387077709652&amp;type=1&amp;l=8b18f926b4&amp;l=a77e327dc6&amp;l=f5951f1994&amp;l=bfecbb8adf&amp;l=687b6bf5da&amp;width=500&amp;show_text=true&amp;height=691&amp;appId\" width=\"500\" height=\"691\" frameborder=\"0\" scrolling=\"no\"><\/iframe><\/p>\n<p style=\"text-align: justify;\">El evento deportivo que fue organizado por la Agrupaci\u00f3n Juvenil San Rosendo y MTB Roke reuni\u00f3 a m\u00e1s de 100 amantes del \u201cMountanbike\u201d, donde el recorrido mayor fue de 40km por las hermosas zona rurales de la comuna ferroviaria y la meta y premiaci\u00f3n estuvo centrada en la Plaza Ciudadana.<\/p>\n<p style=\"text-align: justify;\">Destacar que Sr. <strong>Marco Parra <\/strong>perteneciente al Club de Ciclismo MTB Yungay y al Deportivo Paneles Arauco Planta Trup\u00e1n Cholgu\u00e1n obtuvo el 2\u00b0 Lugar en su categor\u00eda, lo que le permiti\u00f3 subir al podio de los ganadores y recibir su medalla.<\/p>\n<p style=\"text-align: justify;\">[su_button url=\u00bbhttps:\/\/www.facebook.com\/media\/set\/?set=a.2256387077709652&amp;type=1&amp;l=8b18f926b4&#8243; target=\u00bbblank\u00bb size=\u00bb7&#8243; radius=\u00bbround\u00bb icon=\u00bbicon: facebook-square\u00bb]FOTOGRAF\u00cdAS &#8211; Yungayino Obtuvo 2\u00b0 Lugar en el \u201cPrimer Desaf\u00edo de Mountanbike\u201d Realizado en la Comuna de San Rosendo[\/su_button]<\/p>\n","protected":false},"excerpt":{"rendered":"<p>Yungay, martes 11 de septiembre 2018: Una destacada participaci\u00f3n tuvo Sr. Marco Parra, representando a Yungay en el \u201cPrimer Desaf\u00edo de Mountanbike\u201d realizado el pasado fin de semana en la comuna de San Rosendo.&#46;&#46;&#46;<\/p>\n","protected":false},"author":2,"featured_media":19625,"comment_status":"closed","ping_status":"open","sticky":false,"template":"","format":"standard","meta":{"footnotes":""},"categories":[17],"tags":[1120,1804,1115,1801,8,6,117],"class_list":["post-19624","post","type-post","status-publish","format-standard","has-post-thumbnail","hentry","category-deporte","tag-deporte","tag-mountanbike","tag-noticias","tag-san-rosendo","tag-yungay","tag-yungayino","tag-yungayinocl"],"_links":{"self":[{"href":"https:\/\/www.yungayino.cl\/noticias\/index.php?rest_route=\/wp\/v2\/posts\/19624","targetHints":{"allow":["GET"]}}],"collection":[{"href":"https:\/\/www.yungayino.cl\/noticias\/index.php?rest_route=\/wp\/v2\/posts"}],"about":[{"href":"https:\/\/www.yungayino.cl\/noticias\/index.php?rest_route=\/wp\/v2\/types\/post"}],"author":[{"embeddable":true,"href":"https:\/\/www.yungayino.cl\/noticias\/index.php?rest_route=\/wp\/v2\/users\/2"}],"replies":[{"embeddable":true,"href":"https:\/\/www.yungayino.cl\/noticias\/index.php?rest_route=%2Fwp%2Fv2%2Fcomments&post=19624"}],"version-history":[{"count":1,"href":"https:\/\/www.yungayino.cl\/noticias\/index.php?rest_route=\/wp\/v2\/posts\/19624\/revisions"}],"predecessor-version":[{"id":19626,"href":"https:\/\/www.yungayino.cl\/noticias\/index.php?rest_route=\/wp\/v2\/posts\/19624\/revisions\/19626"}],"wp:featuredmedia":[{"embeddable":true,"href":"https:\/\/www.yungayino.cl\/noticias\/index.php?rest_route=\/wp\/v2\/media\/19625"}],"wp:attachment":[{"href":"https:\/\/www.yungayino.cl\/noticias\/index.php?rest_route=%2Fwp%2Fv2%2Fmedia&parent=19624"}],"wp:term":[{"taxonomy":"category","embeddable":true,"href":"https:\/\/www.yungayino.cl\/noticias\/index.php?rest_route=%2Fwp%2Fv2%2Fcategories&post=19624"},{"taxonomy":"post_tag","embeddable":true,"href":"https:\/\/www.yungayino.cl\/noticias\/index.php?rest_route=%2Fwp%2Fv2%2Ftags&post=19624"}],"curies":[{"name":"wp","href":"https:\/\/api.w.org\/{rel}","templated":true}]}}