{"id":19639,"date":"2018-09-13T10:00:46","date_gmt":"2018-09-13T13:00:46","guid":{"rendered":"http:\/\/www.yungayino.cl\/noticias\/?p=19639"},"modified":"2018-09-13T12:52:15","modified_gmt":"2018-09-13T15:52:15","slug":"carabineros-de-yungay-realizo-reunion-por-junta-de-vigilancia-rural","status":"publish","type":"post","link":"https:\/\/www.yungayino.cl\/noticias\/?p=19639","title":{"rendered":"Carabineros de Yungay Realiz\u00f3 Reuni\u00f3n por \u201cJunta de Vigilancia Rural\u201d"},"content":{"rendered":"<p><img loading=\"lazy\" decoding=\"async\" class=\"alignnone size-full wp-image-19640\" src=\"http:\/\/www.yungayino.cl\/noticias\/wp-content\/uploads\/2018\/09\/carabineros_junta_vigilancia_rural.jpg\" alt=\"\" width=\"700\" height=\"350\" srcset=\"https:\/\/www.yungayino.cl\/noticias\/wp-content\/uploads\/2018\/09\/carabineros_junta_vigilancia_rural.jpg 700w, https:\/\/www.yungayino.cl\/noticias\/wp-content\/uploads\/2018\/09\/carabineros_junta_vigilancia_rural-300x150.jpg 300w\" sizes=\"auto, (max-width: 700px) 100vw, 700px\" \/><\/p>\n<p style=\"text-align: justify;\">Yungay, jueves 13 de septiembre 2018: En las dependencias de la Cuarta Comisar\u00eda de Carabineros de Yungay, se realiz\u00f3 durante la semana una primera reuni\u00f3n destinada a retomar la \u201cJunta de Vigilancia del Sector Rural\u201d. La reuni\u00f3n fue liderada por el Suboficial Mayor Sr. <strong>Juan Carlos Espinoza<\/strong>, Encargado de la Oficina de Asuntos Comunitarios, la cual cont\u00f3 con una muy buena asistencia y participaci\u00f3n con vecinos, agricultores y dirigentes de los sectores rurales de Yungay, Pemuco y El Carmen, adem\u00e1s del Mayor Sr. Rodrigo Eduardo D\u00edaz Albornoz y la Concejala Srta. Ang\u00e9lica Cabezas.<\/p>\n<p style=\"text-align: justify;\"><iframe loading=\"lazy\" style=\"border: none; overflow: hidden;\" src=\"https:\/\/www.facebook.com\/plugins\/post.php?href=https:\/\/www.facebook.com\/media\/set\/?set=a.2258777870803906&amp;type=1&amp;l=a5f8ea26b6&amp;l=a77e327dc6&amp;l=f5951f1994&amp;l=bfecbb8adf&amp;l=687b6bf5da&amp;width=500&amp;show_text=true&amp;height=691&amp;appId\" width=\"500\" height=\"691\" frameborder=\"0\" scrolling=\"no\"><\/iframe><\/p>\n<p style=\"text-align: justify;\">El Suboficial Mayor Sr. <strong>Juan Carlos Espinoza<\/strong>, se\u00f1alo a los presentes que la idea es retomar la \u201cJunta de Vigilancia Rural\u201d, la cual se hab\u00eda trabajado en a\u00f1os anteriores por lo tanto en unas semanas m\u00e1s se realizar\u00e1 una nueva reuni\u00f3n para elegir la directiva para formar y comenzar a trabajar nuevamente, iniciativa dispuesta por el Alto Mando Institucional de Carabineros, \u00a0y que ha tenido \u00f3ptimos resultados en otras regiones del pa\u00eds con el objetivo prevenir los delitos asociados al robo de animales (abigeato), los que principalmente son v\u00edctimas agricultores de nuestra comuna, provincia y regiones vecinas. Tambi\u00e9n El Suboficial Mayor Sr. Juan Carlos Espinoza se\u00f1al\u00f3 al Equipo del Portal Yungayino.cl, que con la creaci\u00f3n de esta \u201cJunta de Vigilancia Rural\u201d se fortalece la sensaci\u00f3n de seguridad entre los pobladores que ahora integrar\u00e1n una organizaci\u00f3n con personalidad jur\u00eddica, capaz de postular a proyectos del Municipio o del Gobierno Regional.<\/p>\n<p style=\"text-align: justify;\">Tambi\u00e9n destacar que durante la reuni\u00f3n intervino el Mayor Sr. <strong>Rodrigo Eduardo D\u00edaz Albornoz<\/strong>, qui\u00e9n destac\u00f3 el trabajo realizado por el Suboficial Mayor e inst\u00f3 a todos los presentes a participar en la formaci\u00f3n de la \u201cJunta de Vigilancia Rural\u201d, tambi\u00e9n destac\u00f3 la gesti\u00f3n realizada en el mes de agosto por el alcalde y concejo municipal, donde se reunieron con el General Director de Carabineros de Chile, Sr. Hermes Soto Isla, para solicitar mayor dotaci\u00f3n de Carabineros y m\u00e1s equipamiento para un \u00f3ptimo trabajo de la instituci\u00f3n en la comuna, solicitud que tuvo muy buena acogida para que Yungay sea una comuna m\u00e1s segura, donde destac\u00f3 la llegada de un veh\u00edculo 4\u00d74, el cual se\u00f1al\u00f3 y comprometi\u00f3 a los asistentes que se destinara de manera exclusiva para los Sectores Rurales de Nuestra comuna.<\/p>\n<p style=\"text-align: justify;\">Finalmente el balance de los vecinos, agricultores y dirigentes fue muy positivo, por sobre todo lo anunciado y comprometido por el\u00a0 Mayor Sr. Rodrigo Eduardo D\u00edaz con respecto al veh\u00edculo 4 x 4, lo que les entregar\u00e1 la posibilidad de tener mayor seguridad, tambi\u00e9n destacaron que al tener la Junta formada les permitir\u00e1 acceder a proyectos como contar con equipamiento radiales para mejorar la comunicaci\u00f3n tanto en situaciones de abigeato, robos de cables y tambi\u00e9n desastres naturales.<\/p>\n<p style=\"text-align: justify;\">[su_button url=\u00bbhttps:\/\/www.facebook.com\/media\/set\/?set=a.2258777870803906&amp;type=1&amp;l=a5f8ea26b6&#8243; target=\u00bbblank\u00bb size=\u00bb7&#8243; radius=\u00bbround\u00bb icon=\u00bbicon: facebook-square\u00bb]FOTOGRAF\u00cdAS &#8211; Carabineros de Yungay Realiz\u00f3 Reuni\u00f3n por \u201cJunta de Vigilancia Rural\u201d[\/su_button]<\/p>\n","protected":false},"excerpt":{"rendered":"<p>Yungay, jueves 13 de septiembre 2018: En las dependencias de la Cuarta Comisar\u00eda de Carabineros de Yungay, se realiz\u00f3 durante la semana una primera reuni\u00f3n destinada a retomar la \u201cJunta de Vigilancia del Sector&#46;&#46;&#46;<\/p>\n","protected":false},"author":2,"featured_media":19640,"comment_status":"closed","ping_status":"open","sticky":false,"template":"","format":"standard","meta":{"footnotes":""},"categories":[3,1],"tags":[25,1812,1115,8,6,117],"class_list":["post-19639","post","type-post","status-publish","format-standard","has-post-thumbnail","hentry","category-actualidad","category-noticias","tag-carabineros","tag-junta-de-vigilancia-rural","tag-noticias","tag-yungay","tag-yungayino","tag-yungayinocl"],"_links":{"self":[{"href":"https:\/\/www.yungayino.cl\/noticias\/index.php?rest_route=\/wp\/v2\/posts\/19639","targetHints":{"allow":["GET"]}}],"collection":[{"href":"https:\/\/www.yungayino.cl\/noticias\/index.php?rest_route=\/wp\/v2\/posts"}],"about":[{"href":"https:\/\/www.yungayino.cl\/noticias\/index.php?rest_route=\/wp\/v2\/types\/post"}],"author":[{"embeddable":true,"href":"https:\/\/www.yungayino.cl\/noticias\/index.php?rest_route=\/wp\/v2\/users\/2"}],"replies":[{"embeddable":true,"href":"https:\/\/www.yungayino.cl\/noticias\/index.php?rest_route=%2Fwp%2Fv2%2Fcomments&post=19639"}],"version-history":[{"count":1,"href":"https:\/\/www.yungayino.cl\/noticias\/index.php?rest_route=\/wp\/v2\/posts\/19639\/revisions"}],"predecessor-version":[{"id":19641,"href":"https:\/\/www.yungayino.cl\/noticias\/index.php?rest_route=\/wp\/v2\/posts\/19639\/revisions\/19641"}],"wp:featuredmedia":[{"embeddable":true,"href":"https:\/\/www.yungayino.cl\/noticias\/index.php?rest_route=\/wp\/v2\/media\/19640"}],"wp:attachment":[{"href":"https:\/\/www.yungayino.cl\/noticias\/index.php?rest_route=%2Fwp%2Fv2%2Fmedia&parent=19639"}],"wp:term":[{"taxonomy":"category","embeddable":true,"href":"https:\/\/www.yungayino.cl\/noticias\/index.php?rest_route=%2Fwp%2Fv2%2Fcategories&post=19639"},{"taxonomy":"post_tag","embeddable":true,"href":"https:\/\/www.yungayino.cl\/noticias\/index.php?rest_route=%2Fwp%2Fv2%2Ftags&post=19639"}],"curies":[{"name":"wp","href":"https:\/\/api.w.org\/{rel}","templated":true}]}}