{"id":19650,"date":"2018-09-13T15:00:00","date_gmt":"2018-09-13T18:00:00","guid":{"rendered":"http:\/\/www.yungayino.cl\/noticias\/?p=19650"},"modified":"2018-09-13T16:44:02","modified_gmt":"2018-09-13T19:44:02","slug":"escuela-fernando-baquedano-de-yungay-realizo-fiesta-de-la-ciudadania-3","status":"publish","type":"post","link":"https:\/\/www.yungayino.cl\/noticias\/?p=19650","title":{"rendered":"Escuela Fernando Baquedano de Yungay Realiz\u00f3 \u201cFiesta de la Ciudadan\u00eda\u201d"},"content":{"rendered":"<p><img loading=\"lazy\" decoding=\"async\" class=\"alignnone size-full wp-image-19651\" src=\"http:\/\/www.yungayino.cl\/noticias\/wp-content\/uploads\/2018\/09\/baquedano_fiesta_ciudadania_2018.jpg\" alt=\"\" width=\"700\" height=\"350\" srcset=\"https:\/\/www.yungayino.cl\/noticias\/wp-content\/uploads\/2018\/09\/baquedano_fiesta_ciudadania_2018.jpg 700w, https:\/\/www.yungayino.cl\/noticias\/wp-content\/uploads\/2018\/09\/baquedano_fiesta_ciudadania_2018-300x150.jpg 300w\" sizes=\"auto, (max-width: 700px) 100vw, 700px\" \/><\/p>\n<p style=\"text-align: justify;\">Yungay, jueves 13 de septiembre 2018: La Escuela Fernando Baquedano realiz\u00f3 una nueva versi\u00f3n de la <strong>\u201cFiesta de la Ciudadan\u00eda\u201d,<\/strong> la cual se llev\u00f3 a cabo en el Ode\u00f3n de la Plaza Iquique de nuestra comuna.<\/p>\n<p style=\"text-align: justify;\"><iframe loading=\"lazy\" style=\"border: none; overflow: hidden;\" src=\"https:\/\/www.facebook.com\/plugins\/post.php?href=https:\/\/www.facebook.com\/media\/set\/?set=a.2258999357448424&amp;type=1&amp;l=e5531e5cc0&amp;l=a77e327dc6&amp;l=f5951f1994&amp;l=bfecbb8adf&amp;l=687b6bf5da&amp;width=500&amp;show_text=true&amp;height=691&amp;appId\" width=\"500\" height=\"691\" frameborder=\"0\" scrolling=\"no\"><\/iframe><\/p>\n<p style=\"text-align: justify;\">La actividad se inici\u00f3 con una comparsa a la usanza del a\u00f1o 1800 ofreciendo un viaje a la retrospectiva del tiempo y nuestra historia con la participaci\u00f3n de parejas y Don Manuel Rodr\u00edguez.<\/p>\n<p style=\"text-align: justify;\">El acto comenz\u00f3 con la interpretaci\u00f3n del Himno Nacional para luego dar paso a las presentaciones de n\u00fameros art\u00edsticos preparados especialmente por los alumnos para la ocasi\u00f3n, donde el p\u00fablico e invitados aplaudieron las hermosas coreograf\u00edas art\u00edsticas de los alumnos.<\/p>\n<p style=\"text-align: justify;\">Finalmente se\u00f1alar que la actividad cont\u00f3 con la asistencia del alcalde Sr. Rafael Cifuentes Rodr\u00edguez, el Director Sr. Zoilo Irarrazabal, Concejales, Directores de otros Establecimientos, Autoridades Locales, Apoderados y P\u00fablico en General, quienes tambi\u00e9n participaron bailando cuecas ciudadanas en honor a la Patria.<\/p>\n<p style=\"text-align: justify;\">[su_button url=\u00bbhttps:\/\/www.facebook.com\/media\/set\/?set=a.2258999357448424&amp;type=1&amp;l=e5531e5cc0&#8243; target=\u00bbblank\u00bb size=\u00bb7&#8243; radius=\u00bbround\u00bb icon=\u00bbicon: facebook-square\u00bb]FOTOGRAF\u00cdAS &#8211; Escuela Fernando Baquedano de Yungay Realiz\u00f3 \u201cFiesta de la Ciudadan\u00eda\u201d[\/su_button]<\/p>\n","protected":false},"excerpt":{"rendered":"<p>Yungay, jueves 13 de septiembre 2018: La Escuela Fernando Baquedano realiz\u00f3 una nueva versi\u00f3n de la \u201cFiesta de la Ciudadan\u00eda\u201d, la cual se llev\u00f3 a cabo en el Ode\u00f3n de la Plaza Iquique de&#46;&#46;&#46;<\/p>\n","protected":false},"author":2,"featured_media":19651,"comment_status":"closed","ping_status":"open","sticky":false,"template":"","format":"standard","meta":{"footnotes":""},"categories":[1],"tags":[190,940,1115,8,6,117],"class_list":["post-19650","post","type-post","status-publish","format-standard","has-post-thumbnail","hentry","category-noticias","tag-escuela-fernando-baquedano","tag-fiesta-de-la-ciudadania","tag-noticias","tag-yungay","tag-yungayino","tag-yungayinocl"],"_links":{"self":[{"href":"https:\/\/www.yungayino.cl\/noticias\/index.php?rest_route=\/wp\/v2\/posts\/19650","targetHints":{"allow":["GET"]}}],"collection":[{"href":"https:\/\/www.yungayino.cl\/noticias\/index.php?rest_route=\/wp\/v2\/posts"}],"about":[{"href":"https:\/\/www.yungayino.cl\/noticias\/index.php?rest_route=\/wp\/v2\/types\/post"}],"author":[{"embeddable":true,"href":"https:\/\/www.yungayino.cl\/noticias\/index.php?rest_route=\/wp\/v2\/users\/2"}],"replies":[{"embeddable":true,"href":"https:\/\/www.yungayino.cl\/noticias\/index.php?rest_route=%2Fwp%2Fv2%2Fcomments&post=19650"}],"version-history":[{"count":1,"href":"https:\/\/www.yungayino.cl\/noticias\/index.php?rest_route=\/wp\/v2\/posts\/19650\/revisions"}],"predecessor-version":[{"id":19652,"href":"https:\/\/www.yungayino.cl\/noticias\/index.php?rest_route=\/wp\/v2\/posts\/19650\/revisions\/19652"}],"wp:featuredmedia":[{"embeddable":true,"href":"https:\/\/www.yungayino.cl\/noticias\/index.php?rest_route=\/wp\/v2\/media\/19651"}],"wp:attachment":[{"href":"https:\/\/www.yungayino.cl\/noticias\/index.php?rest_route=%2Fwp%2Fv2%2Fmedia&parent=19650"}],"wp:term":[{"taxonomy":"category","embeddable":true,"href":"https:\/\/www.yungayino.cl\/noticias\/index.php?rest_route=%2Fwp%2Fv2%2Fcategories&post=19650"},{"taxonomy":"post_tag","embeddable":true,"href":"https:\/\/www.yungayino.cl\/noticias\/index.php?rest_route=%2Fwp%2Fv2%2Ftags&post=19650"}],"curies":[{"name":"wp","href":"https:\/\/api.w.org\/{rel}","templated":true}]}}