{"id":19666,"date":"2018-09-14T23:00:46","date_gmt":"2018-09-15T02:00:46","guid":{"rendered":"http:\/\/www.yungayino.cl\/noticias\/?p=19666"},"modified":"2018-09-15T13:16:40","modified_gmt":"2018-09-15T16:16:40","slug":"colegio-pinares-de-campanario-realizo-fiesta-folclorica","status":"publish","type":"post","link":"https:\/\/www.yungayino.cl\/noticias\/?p=19666","title":{"rendered":"Colegio Pinares de Campanario Realiz\u00f3 \u201cFiesta Folcl\u00f3rica\u201d"},"content":{"rendered":"<p><img loading=\"lazy\" decoding=\"async\" class=\"alignnone size-full wp-image-19667\" src=\"http:\/\/www.yungayino.cl\/noticias\/wp-content\/uploads\/2018\/09\/pinares_fiestas_patrias_2018.jpg\" alt=\"\" width=\"700\" height=\"398\" srcset=\"https:\/\/www.yungayino.cl\/noticias\/wp-content\/uploads\/2018\/09\/pinares_fiestas_patrias_2018.jpg 700w, https:\/\/www.yungayino.cl\/noticias\/wp-content\/uploads\/2018\/09\/pinares_fiestas_patrias_2018-300x171.jpg 300w, https:\/\/www.yungayino.cl\/noticias\/wp-content\/uploads\/2018\/09\/pinares_fiestas_patrias_2018-264x150.jpg 264w\" sizes=\"auto, (max-width: 700px) 100vw, 700px\" \/><\/p>\n<p style=\"text-align: justify;\">Campanario, viernes 14 de septiembre 2018: Con una Gran Fiesta\u00a0 Folcl\u00f3rica y una destacada participaci\u00f3n de los ni\u00f1os(as), t\u00edas, padres y apoderados, el Colegio Pinares de Campanario, celebr\u00f3 el inicio de las actividades de las Fiestas Patrias 2018 el d\u00eda mi\u00e9rcoles 12 de septiembre.<\/p>\n<p style=\"text-align: justify;\"><iframe loading=\"lazy\" style=\"border: none; overflow: hidden;\" src=\"https:\/\/www.facebook.com\/plugins\/post.php?href=https:\/\/www.facebook.com\/media\/set\/?set=a.2261347160546977&amp;type=1&amp;l=25dc1b0300&amp;l=a77e327dc6&amp;l=f5951f1994&amp;l=bfecbb8adf&amp;l=687b6bf5da&amp;width=500&amp;show_text=true&amp;height=691&amp;appId\" width=\"500\" height=\"691\" frameborder=\"0\" scrolling=\"no\"><\/iframe><\/p>\n<p style=\"text-align: justify;\">La actividad comenz\u00f3 con la interpretaci\u00f3n del Himno Nacional y el izamiento de nuestra bandera y estuvo encabezada por su Director, Sr. Gustavo Fa\u00fandez adem\u00e1s de Padres, Apoderados, Invitados Especiales y P\u00fablico en General.<\/p>\n<p style=\"text-align: justify;\">Con un escenario montado para la ocasi\u00f3n los peque\u00f1os realizaron variadas presentaciones art\u00edsticas de poes\u00edas, payas y bailes tradicionales, tambi\u00e9n se destac\u00f3 la participaci\u00f3n de las t\u00edas y apoderados, quienes acompa\u00f1aron y apoyaron en todo momento a los ni\u00f1os(as) para que todo saliera hermoso.<\/p>\n<p style=\"text-align: justify;\">Finalmente destacar el compromiso de Padres y Apoderados, quienes se preocuparon y apoyaron a sus hijos (as) con las hermosas vestimentas y trajes utilizado en los n\u00fameros art\u00edsticos.<\/p>\n<p style=\"text-align: justify;\">Fotograf\u00edas Gentileza Srta. Anastassia Y\u00e1\u00f1ez Albornoz.<\/p>\n<p style=\"text-align: justify;\">[su_button url=\u00bbhttps:\/\/www.facebook.com\/media\/set\/?set=a.2261347160546977&amp;type=1&amp;l=25dc1b0300&#8243; target=\u00bbblank\u00bb size=\u00bb7&#8243; radius=\u00bbround\u00bb icon=\u00bbicon: facebook-square\u00bb]FOTOGRAF\u00cdAS &#8211; Colegio Pinares de Campanario Realiz\u00f3 \u201cFiesta Folcl\u00f3rica\u201d[\/su_button]<\/p>\n","protected":false},"excerpt":{"rendered":"<p>Campanario, viernes 14 de septiembre 2018: Con una Gran Fiesta\u00a0 Folcl\u00f3rica y una destacada participaci\u00f3n de los ni\u00f1os(as), t\u00edas, padres y apoderados, el Colegio Pinares de Campanario, celebr\u00f3 el inicio de las actividades de&#46;&#46;&#46;<\/p>\n","protected":false},"author":2,"featured_media":19667,"comment_status":"closed","ping_status":"open","sticky":false,"template":"","format":"standard","meta":{"footnotes":""},"categories":[1],"tags":[31,1815,1816,1115,8,6,117],"class_list":["post-19666","post","type-post","status-publish","format-standard","has-post-thumbnail","hentry","category-noticias","tag-campanario","tag-colegio-pinares","tag-fiesta-folclorica","tag-noticias","tag-yungay","tag-yungayino","tag-yungayinocl"],"_links":{"self":[{"href":"https:\/\/www.yungayino.cl\/noticias\/index.php?rest_route=\/wp\/v2\/posts\/19666","targetHints":{"allow":["GET"]}}],"collection":[{"href":"https:\/\/www.yungayino.cl\/noticias\/index.php?rest_route=\/wp\/v2\/posts"}],"about":[{"href":"https:\/\/www.yungayino.cl\/noticias\/index.php?rest_route=\/wp\/v2\/types\/post"}],"author":[{"embeddable":true,"href":"https:\/\/www.yungayino.cl\/noticias\/index.php?rest_route=\/wp\/v2\/users\/2"}],"replies":[{"embeddable":true,"href":"https:\/\/www.yungayino.cl\/noticias\/index.php?rest_route=%2Fwp%2Fv2%2Fcomments&post=19666"}],"version-history":[{"count":1,"href":"https:\/\/www.yungayino.cl\/noticias\/index.php?rest_route=\/wp\/v2\/posts\/19666\/revisions"}],"predecessor-version":[{"id":19668,"href":"https:\/\/www.yungayino.cl\/noticias\/index.php?rest_route=\/wp\/v2\/posts\/19666\/revisions\/19668"}],"wp:featuredmedia":[{"embeddable":true,"href":"https:\/\/www.yungayino.cl\/noticias\/index.php?rest_route=\/wp\/v2\/media\/19667"}],"wp:attachment":[{"href":"https:\/\/www.yungayino.cl\/noticias\/index.php?rest_route=%2Fwp%2Fv2%2Fmedia&parent=19666"}],"wp:term":[{"taxonomy":"category","embeddable":true,"href":"https:\/\/www.yungayino.cl\/noticias\/index.php?rest_route=%2Fwp%2Fv2%2Fcategories&post=19666"},{"taxonomy":"post_tag","embeddable":true,"href":"https:\/\/www.yungayino.cl\/noticias\/index.php?rest_route=%2Fwp%2Fv2%2Ftags&post=19666"}],"curies":[{"name":"wp","href":"https:\/\/api.w.org\/{rel}","templated":true}]}}