{"id":19669,"date":"2018-09-15T10:00:49","date_gmt":"2018-09-15T13:00:49","guid":{"rendered":"http:\/\/www.yungayino.cl\/noticias\/?p=19669"},"modified":"2018-09-15T13:25:32","modified_gmt":"2018-09-15T16:25:32","slug":"liceo-de-yungay-realizo-muestra-gastronomica","status":"publish","type":"post","link":"https:\/\/www.yungayino.cl\/noticias\/?p=19669","title":{"rendered":"Liceo de Yungay Realiz\u00f3 Muestra Gastron\u00f3mica"},"content":{"rendered":"<p><img loading=\"lazy\" decoding=\"async\" class=\"alignnone size-full wp-image-19670\" src=\"http:\/\/www.yungayino.cl\/noticias\/wp-content\/uploads\/2018\/09\/liceo_muestra_gastronomica_2018.jpg\" alt=\"\" width=\"700\" height=\"350\" srcset=\"https:\/\/www.yungayino.cl\/noticias\/wp-content\/uploads\/2018\/09\/liceo_muestra_gastronomica_2018.jpg 700w, https:\/\/www.yungayino.cl\/noticias\/wp-content\/uploads\/2018\/09\/liceo_muestra_gastronomica_2018-300x150.jpg 300w\" sizes=\"auto, (max-width: 700px) 100vw, 700px\" \/><\/p>\n<p style=\"text-align: justify;\">Yungay, s\u00e1bado 15 de septiembre 2018: En el marco de las celebraciones de Fiestas Patrias, el Liceo de Yungay realiz\u00f3 una Muestra Gastron\u00f3mica de comidas t\u00edpicas chilenas, la cual fue inaugurada con el tradicional corte de cinta.<\/p>\n<p style=\"text-align: justify;\"><iframe loading=\"lazy\" style=\"border: none; overflow: hidden;\" src=\"https:\/\/www.facebook.com\/plugins\/post.php?href=https:\/\/www.facebook.com\/media\/set\/?set=a.2261363097212050&amp;type=1&amp;l=c941a20e54&amp;l=a77e327dc6&amp;l=f5951f1994&amp;l=bfecbb8adf&amp;l=687b6bf5da&amp;width=500&amp;show_text=true&amp;height=691&amp;appId\" width=\"500\" height=\"691\" frameborder=\"0\" scrolling=\"no\"><\/iframe><\/p>\n<p style=\"text-align: justify;\">La actividad estuvo encabezada por el Director Sr. Antonio Zepeda Novoa, quien destac\u00f3 que el objetivo es preservar las costumbres de nuestra patria y como una forma de vincular a los alumnos y familias, con sus ra\u00edces y tradiciones.<\/p>\n<p style=\"text-align: justify;\">La muestra cont\u00f3 con la participaci\u00f3n y colaboraci\u00f3n de estudiantes, docentes, personal, padres y apoderados, donde adem\u00e1s se cont\u00f3 con jurado quienes compartieron y degustaron las ricas comidas t\u00edpicas para elegir los mejores.<\/p>\n<p style=\"text-align: justify;\">Tambi\u00e9n destacar la participaci\u00f3n de los asistentes quienes bailaron nuestro baile nacional con la M\u00fasica del Grupo Surcos de Mi Tierra y el Profesor Don Delfa.<\/p>\n<p style=\"text-align: justify;\">[su_button url=\u00bbhttps:\/\/www.facebook.com\/media\/set\/?set=a.2261363097212050&amp;type=1&amp;l=c941a20e54&#8243; target=\u00bbblank\u00bb size=\u00bb7&#8243; radius=\u00bbround\u00bb icon=\u00bbicon: facebook-square\u00bb]FOTOGRAF\u00cdAS &#8211; Liceo de Yungay Realiz\u00f3 Muestra Gastron\u00f3mica[\/su_button]<\/p>\n<p style=\"text-align: justify;\">\n","protected":false},"excerpt":{"rendered":"<p>Yungay, s\u00e1bado 15 de septiembre 2018: En el marco de las celebraciones de Fiestas Patrias, el Liceo de Yungay realiz\u00f3 una Muestra Gastron\u00f3mica de comidas t\u00edpicas chilenas, la cual fue inaugurada con el tradicional&#46;&#46;&#46;<\/p>\n","protected":false},"author":2,"featured_media":19670,"comment_status":"closed","ping_status":"open","sticky":false,"template":"","format":"standard","meta":{"footnotes":""},"categories":[1],"tags":[89,418,1115,8,6,117],"class_list":["post-19669","post","type-post","status-publish","format-standard","has-post-thumbnail","hentry","category-noticias","tag-liceo-yungay","tag-muestra-gastronomica","tag-noticias","tag-yungay","tag-yungayino","tag-yungayinocl"],"_links":{"self":[{"href":"https:\/\/www.yungayino.cl\/noticias\/index.php?rest_route=\/wp\/v2\/posts\/19669","targetHints":{"allow":["GET"]}}],"collection":[{"href":"https:\/\/www.yungayino.cl\/noticias\/index.php?rest_route=\/wp\/v2\/posts"}],"about":[{"href":"https:\/\/www.yungayino.cl\/noticias\/index.php?rest_route=\/wp\/v2\/types\/post"}],"author":[{"embeddable":true,"href":"https:\/\/www.yungayino.cl\/noticias\/index.php?rest_route=\/wp\/v2\/users\/2"}],"replies":[{"embeddable":true,"href":"https:\/\/www.yungayino.cl\/noticias\/index.php?rest_route=%2Fwp%2Fv2%2Fcomments&post=19669"}],"version-history":[{"count":1,"href":"https:\/\/www.yungayino.cl\/noticias\/index.php?rest_route=\/wp\/v2\/posts\/19669\/revisions"}],"predecessor-version":[{"id":19671,"href":"https:\/\/www.yungayino.cl\/noticias\/index.php?rest_route=\/wp\/v2\/posts\/19669\/revisions\/19671"}],"wp:featuredmedia":[{"embeddable":true,"href":"https:\/\/www.yungayino.cl\/noticias\/index.php?rest_route=\/wp\/v2\/media\/19670"}],"wp:attachment":[{"href":"https:\/\/www.yungayino.cl\/noticias\/index.php?rest_route=%2Fwp%2Fv2%2Fmedia&parent=19669"}],"wp:term":[{"taxonomy":"category","embeddable":true,"href":"https:\/\/www.yungayino.cl\/noticias\/index.php?rest_route=%2Fwp%2Fv2%2Fcategories&post=19669"},{"taxonomy":"post_tag","embeddable":true,"href":"https:\/\/www.yungayino.cl\/noticias\/index.php?rest_route=%2Fwp%2Fv2%2Ftags&post=19669"}],"curies":[{"name":"wp","href":"https:\/\/api.w.org\/{rel}","templated":true}]}}