{"id":19677,"date":"2018-09-16T13:00:58","date_gmt":"2018-09-16T16:00:58","guid":{"rendered":"http:\/\/www.yungayino.cl\/noticias\/?p=19677"},"modified":"2018-09-16T14:42:55","modified_gmt":"2018-09-16T17:42:55","slug":"acto-y-desfile-fiestas-patrias-en-campanario","status":"publish","type":"post","link":"https:\/\/www.yungayino.cl\/noticias\/?p=19677","title":{"rendered":"Acto y Desfile Fiestas Patrias en Campanario"},"content":{"rendered":"<p><img loading=\"lazy\" decoding=\"async\" class=\"alignnone size-full wp-image-19678\" src=\"http:\/\/www.yungayino.cl\/noticias\/wp-content\/uploads\/2018\/09\/campanario_desfile_fiestas_patrias_2018.jpg\" alt=\"\" width=\"700\" height=\"350\" srcset=\"https:\/\/www.yungayino.cl\/noticias\/wp-content\/uploads\/2018\/09\/campanario_desfile_fiestas_patrias_2018.jpg 700w, https:\/\/www.yungayino.cl\/noticias\/wp-content\/uploads\/2018\/09\/campanario_desfile_fiestas_patrias_2018-300x150.jpg 300w\" sizes=\"auto, (max-width: 700px) 100vw, 700px\" \/><\/p>\n<p style=\"text-align: justify;\">Campanario, septiembre 2018: Con buena asistencia la comunidad de Campanario particip\u00f3 activamente del Acto C\u00edvico y Desfile, en homenaje a un nuevo aniversario de la Independencia de Chile.<\/p>\n<p style=\"text-align: justify;\"><iframe loading=\"lazy\" style=\"border: none; overflow: hidden;\" src=\"https:\/\/www.facebook.com\/plugins\/post.php?href=https:\/\/www.facebook.com\/media\/set\/?set=a.2262690113746015&amp;type=1&amp;l=bd6546c730&amp;l=a77e327dc6&amp;l=f5951f1994&amp;l=bfecbb8adf&amp;l=687b6bf5da&amp;width=500&amp;show_text=true&amp;height=691&amp;appId\" width=\"500\" height=\"691\" frameborder=\"0\" scrolling=\"no\"><\/iframe><\/p>\n<p style=\"text-align: justify;\">La jornada se inici\u00f3 a las 11:00 horas con el recorrido por las calles de la Banda Escolar de Guerra de Yungay y posicionarse frente al Gimnasio de Campanario, donde esperaban cientos de asistentes para disfrutar del acto c\u00edvico y desfile.<\/p>\n<p style=\"text-align: justify;\">La jornada estuvo encabezada por el alcalde Rafael Cifuentes Rodr\u00edguez, qui\u00e9n en compa\u00f1\u00eda del Concejo Municipal, autoridades locales e invitados especiales vieron como las agrupaciones de Adultos Mayores, Clubes Deportivos, Unidades Educativas, Bomberos, Funcionarios P\u00fablico y Clubes de Huasos, entre otras organizaciones desfilaron de manera impecable a los sones de la Banda de Guerra de Yungay.<\/p>\n<p style=\"text-align: justify;\">Finalmente terminado el acto y desfile las autoridades y p\u00fablico se trasladaron al Gimnasio Multiuso para realizar el tradicional vino de honor.<\/p>\n<p style=\"text-align: justify;\">[su_button url=\u00bbhttps:\/\/www.facebook.com\/media\/set\/?set=a.2262690113746015&amp;type=1&amp;l=bd6546c730&#8243; target=\u00bbblank\u00bb size=\u00bb7&#8243; radius=\u00bbround\u00bb icon=\u00bbicon: facebook-square\u00bb]FOTOGRAF\u00cdAS &#8211; Acto y Desfile Fiestas Patrias en Campanario[\/su_button]<\/p>\n","protected":false},"excerpt":{"rendered":"<p>Campanario, septiembre 2018: Con buena asistencia la comunidad de Campanario particip\u00f3 activamente del Acto C\u00edvico y Desfile, en homenaje a un nuevo aniversario de la Independencia de Chile. La jornada se inici\u00f3 a las&#46;&#46;&#46;<\/p>\n","protected":false},"author":2,"featured_media":19678,"comment_status":"closed","ping_status":"open","sticky":false,"template":"","format":"standard","meta":{"footnotes":""},"categories":[3,1],"tags":[947,31,528,1115,8,6,117],"class_list":["post-19677","post","type-post","status-publish","format-standard","has-post-thumbnail","hentry","category-actualidad","category-noticias","tag-acto-y-desfile","tag-campanario","tag-fiestas-patrias","tag-noticias","tag-yungay","tag-yungayino","tag-yungayinocl"],"_links":{"self":[{"href":"https:\/\/www.yungayino.cl\/noticias\/index.php?rest_route=\/wp\/v2\/posts\/19677","targetHints":{"allow":["GET"]}}],"collection":[{"href":"https:\/\/www.yungayino.cl\/noticias\/index.php?rest_route=\/wp\/v2\/posts"}],"about":[{"href":"https:\/\/www.yungayino.cl\/noticias\/index.php?rest_route=\/wp\/v2\/types\/post"}],"author":[{"embeddable":true,"href":"https:\/\/www.yungayino.cl\/noticias\/index.php?rest_route=\/wp\/v2\/users\/2"}],"replies":[{"embeddable":true,"href":"https:\/\/www.yungayino.cl\/noticias\/index.php?rest_route=%2Fwp%2Fv2%2Fcomments&post=19677"}],"version-history":[{"count":1,"href":"https:\/\/www.yungayino.cl\/noticias\/index.php?rest_route=\/wp\/v2\/posts\/19677\/revisions"}],"predecessor-version":[{"id":19679,"href":"https:\/\/www.yungayino.cl\/noticias\/index.php?rest_route=\/wp\/v2\/posts\/19677\/revisions\/19679"}],"wp:featuredmedia":[{"embeddable":true,"href":"https:\/\/www.yungayino.cl\/noticias\/index.php?rest_route=\/wp\/v2\/media\/19678"}],"wp:attachment":[{"href":"https:\/\/www.yungayino.cl\/noticias\/index.php?rest_route=%2Fwp%2Fv2%2Fmedia&parent=19677"}],"wp:term":[{"taxonomy":"category","embeddable":true,"href":"https:\/\/www.yungayino.cl\/noticias\/index.php?rest_route=%2Fwp%2Fv2%2Fcategories&post=19677"},{"taxonomy":"post_tag","embeddable":true,"href":"https:\/\/www.yungayino.cl\/noticias\/index.php?rest_route=%2Fwp%2Fv2%2Ftags&post=19677"}],"curies":[{"name":"wp","href":"https:\/\/api.w.org\/{rel}","templated":true}]}}