{"id":1968,"date":"2009-09-16T08:00:02","date_gmt":"2009-09-16T12:00:02","guid":{"rendered":"http:\/\/www.yungayino.cl\/noticias\/?p=1968"},"modified":"2009-09-16T12:15:04","modified_gmt":"2009-09-16T16:15:04","slug":"acto-oficial-de-aniversario-colegio-cholguan","status":"publish","type":"post","link":"https:\/\/www.yungayino.cl\/noticias\/?p=1968","title":{"rendered":"Acto Oficial de Aniversario Colegio Cholgu\u00e1n"},"content":{"rendered":"<p><img decoding=\"async\" src=\"http:\/\/www.yungayino.cl\/imagenes\/actoaniversariocolegiocholguan.jpg\" alt=\"http:\/\/www.yungayino.cl\/noticias\/?p=1964&#038;preview=true\" \/><\/p>\n<p align=\"justify\"><font size=\"2\">Cholgu\u00e1n, martes 15 de septiembre con un acto oficial se celebro el Aniversario N\u00ba 20 del Colegio Cholgu\u00e1n perteneciente a la Fundaci\u00f3n Arauco la que da una alternativa educacional de calidad y excelencia a la comunidad de Yungay y sus alrededores. Se cont\u00f3 con la presencia del Alcalde Pedro Inostroza, Representando a la Corporaci\u00f3n Privada de Desarrollo de Cholgu\u00e1n Francisco Montt, Rector Claudio Figueroa, invitados especiales, Profesores, personal administrativo, apoderados, y alumnos de todos los niveles. En esta ocasi\u00f3n se hizo entrega de un reconocimiento a la trayectoria por la entrega a la instituci\u00f3n a los funcionarios que este a\u00f1o 2009 cumplieron 5, 10, 15, y 20 a\u00f1os formando parte de este proyecto Colegio Cholgu\u00e1n. Tambi\u00e9n se hizo presente la m\u00fasica del Coro Polif\u00f3nico del Colegio interpretando 3 temas bajo la direcci\u00f3n de la profesora de m\u00fasica Cecilia Brevis, cabe destacar que recientemente obtuvieron el primer lugar en el Concurso Interescolar de Coros organizado por la Universidad Andr\u00e9s Bello. Y para finalizar esta ceremonia se inaugur\u00f3 y bendijo una nueva sala de M\u00fasica, sue\u00f1o largamente anhelado.<br \/>\n<a href=\"http:\/\/www.yungayino.cl\/noticias\/?p=1968#comments\">Comente Aqu\u00ed<\/a><br \/>\n<a href=\"http:\/\/www.flickr.com\/photos\/40100662@N06\/tags\/aniversario20a\u00f1os\/\">Fotograf\u00edas<\/a><\/font><\/p>\n","protected":false},"excerpt":{"rendered":"<p>Cholgu\u00e1n, martes 15 de septiembre con un acto oficial se celebro el Aniversario N\u00ba 20 del Colegio Cholgu\u00e1n perteneciente a la Fundaci\u00f3n Arauco la que da una alternativa educacional de calidad y excelencia a&#46;&#46;&#46;<\/p>\n","protected":false},"author":2,"featured_media":15109,"comment_status":"open","ping_status":"open","sticky":false,"template":"","format":"standard","meta":{"footnotes":""},"categories":[1],"tags":[1115,8,6],"class_list":["post-1968","post","type-post","status-publish","format-standard","has-post-thumbnail","hentry","category-noticias","tag-noticias","tag-yungay","tag-yungayino"],"_links":{"self":[{"href":"https:\/\/www.yungayino.cl\/noticias\/index.php?rest_route=\/wp\/v2\/posts\/1968","targetHints":{"allow":["GET"]}}],"collection":[{"href":"https:\/\/www.yungayino.cl\/noticias\/index.php?rest_route=\/wp\/v2\/posts"}],"about":[{"href":"https:\/\/www.yungayino.cl\/noticias\/index.php?rest_route=\/wp\/v2\/types\/post"}],"author":[{"embeddable":true,"href":"https:\/\/www.yungayino.cl\/noticias\/index.php?rest_route=\/wp\/v2\/users\/2"}],"replies":[{"embeddable":true,"href":"https:\/\/www.yungayino.cl\/noticias\/index.php?rest_route=%2Fwp%2Fv2%2Fcomments&post=1968"}],"version-history":[{"count":8,"href":"https:\/\/www.yungayino.cl\/noticias\/index.php?rest_route=\/wp\/v2\/posts\/1968\/revisions"}],"predecessor-version":[{"id":1985,"href":"https:\/\/www.yungayino.cl\/noticias\/index.php?rest_route=\/wp\/v2\/posts\/1968\/revisions\/1985"}],"wp:featuredmedia":[{"embeddable":true,"href":"https:\/\/www.yungayino.cl\/noticias\/index.php?rest_route=\/wp\/v2\/media\/15109"}],"wp:attachment":[{"href":"https:\/\/www.yungayino.cl\/noticias\/index.php?rest_route=%2Fwp%2Fv2%2Fmedia&parent=1968"}],"wp:term":[{"taxonomy":"category","embeddable":true,"href":"https:\/\/www.yungayino.cl\/noticias\/index.php?rest_route=%2Fwp%2Fv2%2Fcategories&post=1968"},{"taxonomy":"post_tag","embeddable":true,"href":"https:\/\/www.yungayino.cl\/noticias\/index.php?rest_route=%2Fwp%2Fv2%2Ftags&post=1968"}],"curies":[{"name":"wp","href":"https:\/\/api.w.org\/{rel}","templated":true}]}}