{"id":19681,"date":"2018-09-16T14:00:05","date_gmt":"2018-09-16T17:00:05","guid":{"rendered":"http:\/\/www.yungayino.cl\/noticias\/?p=19681"},"modified":"2018-09-16T15:22:21","modified_gmt":"2018-09-16T18:22:21","slug":"inauguradas-ramadas-oficiales-fiestas-patrias-2018-en-yungay","status":"publish","type":"post","link":"https:\/\/www.yungayino.cl\/noticias\/?p=19681","title":{"rendered":"Inauguradas Ramadas Oficiales Fiestas Patrias 2018 en Yungay"},"content":{"rendered":"<p><img loading=\"lazy\" decoding=\"async\" class=\"alignnone size-full wp-image-19683\" src=\"http:\/\/www.yungayino.cl\/noticias\/wp-content\/uploads\/2018\/09\/inauguracion_ramadas_2018-1.jpg\" alt=\"\" width=\"700\" height=\"350\" srcset=\"https:\/\/www.yungayino.cl\/noticias\/wp-content\/uploads\/2018\/09\/inauguracion_ramadas_2018-1.jpg 700w, https:\/\/www.yungayino.cl\/noticias\/wp-content\/uploads\/2018\/09\/inauguracion_ramadas_2018-1-300x150.jpg 300w\" sizes=\"auto, (max-width: 700px) 100vw, 700px\" \/>0<\/p>\n<p style=\"text-align: justify;\">Yungay, septiembre 2018: La comitiva liderada por el Alcalde Rafael Cifuentes y el Concejo Municipal adem\u00e1s de Funcionarios Municipales, recorrieron desde la tarde del d\u00eda \u00a0viernes 14 de septiembre las Fondas y Ramadas de la comuna tanto del sector rural como urbano, con la finalidad de inaugurarlas con el tradicional corte de cinta y el esperado pie de cueca de la primera autoridad.<\/p>\n<p style=\"text-align: justify;\"><iframe loading=\"lazy\" style=\"border: none; overflow: hidden;\" src=\"https:\/\/www.facebook.com\/plugins\/post.php?href=https:\/\/www.facebook.com\/media\/set\/?set=a.2262790640402629&amp;type=1&amp;l=52aaaa53f5&amp;l=a77e327dc6&amp;l=f5951f1994&amp;l=bfecbb8adf&amp;l=687b6bf5da&amp;width=500&amp;show_text=true&amp;height=691&amp;appId\" width=\"500\" height=\"691\" frameborder=\"0\" scrolling=\"no\"><\/iframe><\/p>\n<p style=\"text-align: justify;\">Bajo las melod\u00edas y cuecas interpretadas por el Profesor Ram\u00f3n Pino m\u00e1s conocido como \u201cDon Delfa\u201d y El Grupo \u201cSurcos de Mi Tierra\u201d las parejas salieron a bailar nuestra cueca, donde la primera autoridad comunal, Sr. Rafael Cifuentes realiz\u00f3 el brindis haciendo el llamado a la comunidad para celebrar de buena forma estas fiestas<\/p>\n<p style=\"text-align: justify;\">Finalmente se espera que los vecinos de la comuna y los visitantes puedan disfrutar de forma sana estos d\u00edas de fiestas dieciocheras, \u00a1Felices Fiestas!<\/p>\n<p style=\"text-align: justify;\">[su_button url=\u00bbhttps:\/\/www.facebook.com\/media\/set\/?set=a.2262790640402629&amp;type=1&amp;l=52aaaa53f5&#8243; target=\u00bbblank\u00bb size=\u00bb7&#8243; radius=\u00bbround\u00bb icon=\u00bbicon: facebook-square\u00bb]FOTOGRAF\u00cdAS &#8211; Inauguradas Ramadas Oficiales Fiestas Patrias 2018 en Yungay[\/su_button]<\/p>\n<p>&nbsp;<\/p>\n","protected":false},"excerpt":{"rendered":"<p>0 Yungay, septiembre 2018: La comitiva liderada por el Alcalde Rafael Cifuentes y el Concejo Municipal adem\u00e1s de Funcionarios Municipales, recorrieron desde la tarde del d\u00eda \u00a0viernes 14 de septiembre las Fondas y Ramadas&#46;&#46;&#46;<\/p>\n","protected":false},"author":2,"featured_media":19683,"comment_status":"closed","ping_status":"open","sticky":false,"template":"","format":"standard","meta":{"footnotes":""},"categories":[1],"tags":[31,528,1818,1817,1115,251,8,6,117],"class_list":["post-19681","post","type-post","status-publish","format-standard","has-post-thumbnail","hentry","category-noticias","tag-campanario","tag-fiestas-patrias","tag-fondas","tag-inauguracion","tag-noticias","tag-ramadas","tag-yungay","tag-yungayino","tag-yungayinocl"],"_links":{"self":[{"href":"https:\/\/www.yungayino.cl\/noticias\/index.php?rest_route=\/wp\/v2\/posts\/19681","targetHints":{"allow":["GET"]}}],"collection":[{"href":"https:\/\/www.yungayino.cl\/noticias\/index.php?rest_route=\/wp\/v2\/posts"}],"about":[{"href":"https:\/\/www.yungayino.cl\/noticias\/index.php?rest_route=\/wp\/v2\/types\/post"}],"author":[{"embeddable":true,"href":"https:\/\/www.yungayino.cl\/noticias\/index.php?rest_route=\/wp\/v2\/users\/2"}],"replies":[{"embeddable":true,"href":"https:\/\/www.yungayino.cl\/noticias\/index.php?rest_route=%2Fwp%2Fv2%2Fcomments&post=19681"}],"version-history":[{"count":2,"href":"https:\/\/www.yungayino.cl\/noticias\/index.php?rest_route=\/wp\/v2\/posts\/19681\/revisions"}],"predecessor-version":[{"id":19685,"href":"https:\/\/www.yungayino.cl\/noticias\/index.php?rest_route=\/wp\/v2\/posts\/19681\/revisions\/19685"}],"wp:featuredmedia":[{"embeddable":true,"href":"https:\/\/www.yungayino.cl\/noticias\/index.php?rest_route=\/wp\/v2\/media\/19683"}],"wp:attachment":[{"href":"https:\/\/www.yungayino.cl\/noticias\/index.php?rest_route=%2Fwp%2Fv2%2Fmedia&parent=19681"}],"wp:term":[{"taxonomy":"category","embeddable":true,"href":"https:\/\/www.yungayino.cl\/noticias\/index.php?rest_route=%2Fwp%2Fv2%2Fcategories&post=19681"},{"taxonomy":"post_tag","embeddable":true,"href":"https:\/\/www.yungayino.cl\/noticias\/index.php?rest_route=%2Fwp%2Fv2%2Ftags&post=19681"}],"curies":[{"name":"wp","href":"https:\/\/api.w.org\/{rel}","templated":true}]}}