{"id":19686,"date":"2018-09-18T10:00:38","date_gmt":"2018-09-18T13:00:38","guid":{"rendered":"http:\/\/www.yungayino.cl\/noticias\/?p=19686"},"modified":"2018-09-18T10:40:54","modified_gmt":"2018-09-18T13:40:54","slug":"primer-regional-de-cueca-escolar-se-desarrollo-en-pemuco","status":"publish","type":"post","link":"https:\/\/www.yungayino.cl\/noticias\/?p=19686","title":{"rendered":"\u201cPrimer Regional de Cueca Escolar\u201d, se Desarroll\u00f3 en Pemuco"},"content":{"rendered":"<p><img loading=\"lazy\" decoding=\"async\" class=\"alignnone size-full wp-image-19687\" src=\"http:\/\/www.yungayino.cl\/noticias\/wp-content\/uploads\/2018\/09\/pemuco_regional_cueca_2018.jpg\" alt=\"\" width=\"700\" height=\"350\" srcset=\"https:\/\/www.yungayino.cl\/noticias\/wp-content\/uploads\/2018\/09\/pemuco_regional_cueca_2018.jpg 700w, https:\/\/www.yungayino.cl\/noticias\/wp-content\/uploads\/2018\/09\/pemuco_regional_cueca_2018-300x150.jpg 300w\" sizes=\"auto, (max-width: 700px) 100vw, 700px\" \/><\/p>\n<p style=\"text-align: justify;\">Pemuco, lunes 17 de septiembre 2018: En el Complejo Deportivo de la vecina comuna de Pemuco, se desarroll\u00f3 con gran \u00e9xito el <strong>\u201cPrimer Regional de Cueca Escolar Pemuco 2018\u201d<\/strong>, en las categor\u00edas Ense\u00f1anza B\u00e1sica Cueca Huasa, Ense\u00f1anza B\u00e1sica Cueca Lugare\u00f1a y Ense\u00f1anza Media Cueca Huasa con la participaci\u00f3n de las 21 comunas de las Provincias de Punilla, Diguillin e Itata, de la Nueva Regi\u00f3n de \u00d1uble.<\/p>\n<p style=\"text-align: justify;\"><iframe loading=\"lazy\" style=\"border: none; overflow: hidden;\" src=\"https:\/\/www.facebook.com\/plugins\/post.php?href=https:\/\/www.facebook.com\/media\/set\/?set=a.2264937223521304&amp;type=1&amp;l=66848885a1&amp;l=a77e327dc6&amp;l=f5951f1994&amp;l=bfecbb8adf&amp;l=687b6bf5da&amp;width=500&amp;show_text=true&amp;height=691&amp;appId\" width=\"500\" height=\"691\" frameborder=\"0\" scrolling=\"no\"><\/iframe><\/p>\n<p style=\"text-align: justify;\">La actividad fue amenizada por \u201cCarmencita Vald\u00e9s\u201d y El Grupo \u201cCorcol\u00e9n\u201d de Pencahue, adem\u00e1s de la participaci\u00f3n del Ballet Juvenil Bafochi. El evento fue encabezado por el Alcalde Sr. Johnnson Gui\u00f1ez, la Gobernadora de Diguillin, Sra. Paola Becker, el Secretario Regional Ministerial de Educaci\u00f3n, Sr. Felipe Rossler, la Seremi de Desarrollo Social, Sra. Doris Osses, la Jefa Provincial de Educaci\u00f3n, Sra. Cecilia Pradenas, los Jefes DAEM y Coordinadores de Educaci\u00f3n Extraescolar de la Regi\u00f3n de \u00d1uble, Autoridades Locales, Concejo Municipal, Invitados Especiales y P\u00fablico en General.<\/p>\n<p style=\"text-align: justify;\">Finalmente el Jurado seleccion\u00f3 a los 3 primeros de cada categor\u00eda, donde los primeros lugares nos representaran en el Nacional que se llevara a cabo en la comuna de Mulchen en el mes de noviembre.<\/p>\n<p style=\"text-align: justify;\"><strong>Ganadores Ense\u00f1anza B\u00e1sica (Cueca Huasa)<\/strong><\/p>\n<p style=\"text-align: justify;\">1\u00b0 Lugar: Portezuelo<\/p>\n<p style=\"text-align: justify;\">2\u00b0 Lugar: Chill\u00e1n Viejo<\/p>\n<p style=\"text-align: justify;\">3\u00b0 Lugar: Yungay<\/p>\n<p style=\"text-align: justify;\"><strong>Ganadores Ense\u00f1anza B\u00e1sica (Cueca Lugare\u00f1a)<\/strong><\/p>\n<p style=\"text-align: justify;\">1\u00b0 Lugar: R\u00e1nquil<\/p>\n<p style=\"text-align: justify;\">2\u00b0 Lugar: San Nicol\u00e1s<\/p>\n<p style=\"text-align: justify;\">3\u00b0 Lugar: Bulnes<\/p>\n<p style=\"text-align: justify;\"><strong>Ganadores Ense\u00f1anza Media (Cueca Huasa)<\/strong><\/p>\n<p style=\"text-align: justify;\">1\u00b0 Lugar: Bulnes<\/p>\n<p style=\"text-align: justify;\">2\u00b0 Lugar: Portezuelo<\/p>\n<p style=\"text-align: justify;\">3\u00b0 Lugar: Chill\u00e1n<\/p>\n<p style=\"text-align: justify;\">[su_button url=\u00bbhttps:\/\/www.facebook.com\/media\/set\/?set=a.2264937223521304&amp;type=1&amp;l=66848885a1&#8243; target=\u00bbblank\u00bb size=\u00bb7&#8243; radius=\u00bbround\u00bb icon=\u00bbicon: facebook-square\u00bb]FOTOGRAF\u00cdAS &#8211; \u201cPrimer Regional de Cueca Escolar\u201d, se Desarroll\u00f3 en Pemuco[\/su_button]<\/p>\n","protected":false},"excerpt":{"rendered":"<p>Pemuco, lunes 17 de septiembre 2018: En el Complejo Deportivo de la vecina comuna de Pemuco, se desarroll\u00f3 con gran \u00e9xito el \u201cPrimer Regional de Cueca Escolar Pemuco 2018\u201d, en las categor\u00edas Ense\u00f1anza B\u00e1sica&#46;&#46;&#46;<\/p>\n","protected":false},"author":2,"featured_media":19687,"comment_status":"closed","ping_status":"open","sticky":false,"template":"","format":"standard","meta":{"footnotes":""},"categories":[3,5,1],"tags":[1115,30,1819,8,6,117],"class_list":["post-19686","post","type-post","status-publish","format-standard","has-post-thumbnail","hentry","category-actualidad","category-eventos","category-noticias","tag-noticias","tag-pemuco","tag-primer-regional-de-cueca-escolar","tag-yungay","tag-yungayino","tag-yungayinocl"],"_links":{"self":[{"href":"https:\/\/www.yungayino.cl\/noticias\/index.php?rest_route=\/wp\/v2\/posts\/19686","targetHints":{"allow":["GET"]}}],"collection":[{"href":"https:\/\/www.yungayino.cl\/noticias\/index.php?rest_route=\/wp\/v2\/posts"}],"about":[{"href":"https:\/\/www.yungayino.cl\/noticias\/index.php?rest_route=\/wp\/v2\/types\/post"}],"author":[{"embeddable":true,"href":"https:\/\/www.yungayino.cl\/noticias\/index.php?rest_route=\/wp\/v2\/users\/2"}],"replies":[{"embeddable":true,"href":"https:\/\/www.yungayino.cl\/noticias\/index.php?rest_route=%2Fwp%2Fv2%2Fcomments&post=19686"}],"version-history":[{"count":2,"href":"https:\/\/www.yungayino.cl\/noticias\/index.php?rest_route=\/wp\/v2\/posts\/19686\/revisions"}],"predecessor-version":[{"id":19689,"href":"https:\/\/www.yungayino.cl\/noticias\/index.php?rest_route=\/wp\/v2\/posts\/19686\/revisions\/19689"}],"wp:featuredmedia":[{"embeddable":true,"href":"https:\/\/www.yungayino.cl\/noticias\/index.php?rest_route=\/wp\/v2\/media\/19687"}],"wp:attachment":[{"href":"https:\/\/www.yungayino.cl\/noticias\/index.php?rest_route=%2Fwp%2Fv2%2Fmedia&parent=19686"}],"wp:term":[{"taxonomy":"category","embeddable":true,"href":"https:\/\/www.yungayino.cl\/noticias\/index.php?rest_route=%2Fwp%2Fv2%2Fcategories&post=19686"},{"taxonomy":"post_tag","embeddable":true,"href":"https:\/\/www.yungayino.cl\/noticias\/index.php?rest_route=%2Fwp%2Fv2%2Ftags&post=19686"}],"curies":[{"name":"wp","href":"https:\/\/api.w.org\/{rel}","templated":true}]}}