{"id":19704,"date":"2018-09-21T19:00:47","date_gmt":"2018-09-21T22:00:47","guid":{"rendered":"http:\/\/www.yungayino.cl\/noticias\/?p=19704"},"modified":"2018-09-21T23:38:30","modified_gmt":"2018-09-22T02:38:30","slug":"campeonato-comunal-de-cueca-la-chabelita-en-fiestas-patrias-yungay-2018","status":"publish","type":"post","link":"https:\/\/www.yungayino.cl\/noticias\/?p=19704","title":{"rendered":"Campeonato Comunal de Cueca \u201cLa Chabelita\u201d en Fiestas Patrias Yungay 2018"},"content":{"rendered":"<p><img loading=\"lazy\" decoding=\"async\" class=\"alignnone size-full wp-image-19705\" src=\"http:\/\/www.yungayino.cl\/noticias\/wp-content\/uploads\/2018\/09\/yungay_concurso_cueca_2018.jpg\" alt=\"\" width=\"700\" height=\"350\" srcset=\"https:\/\/www.yungayino.cl\/noticias\/wp-content\/uploads\/2018\/09\/yungay_concurso_cueca_2018.jpg 700w, https:\/\/www.yungayino.cl\/noticias\/wp-content\/uploads\/2018\/09\/yungay_concurso_cueca_2018-300x150.jpg 300w\" sizes=\"auto, (max-width: 700px) 100vw, 700px\" \/><\/p>\n<p style=\"text-align: justify;\">Yungay, septiembre 2018: Como es tradicional en nuestra comuna el pasado martes 18 de septiembre se llev\u00f3 a cabo una nueva versi\u00f3n del Campeonato Comunal de Cueca \u201cLa Chabelita\u201d 2018, como parte de las actividades de fiestas patrias en nuestra comuna, el cual estuvo liderado por el alcalde Rafael Cifuentes Rodr\u00edguez y el Concejo Municipal.<\/p>\n<p style=\"text-align: justify;\"><iframe loading=\"lazy\" style=\"border: none; overflow: hidden;\" src=\"https:\/\/www.facebook.com\/plugins\/post.php?href=https:\/\/www.facebook.com\/media\/set\/?set=a.2269416159740077&amp;type=1&amp;l=5bda60e2de&amp;l=a77e327dc6&amp;l=f5951f1994&amp;l=bfecbb8adf&amp;l=687b6bf5da&amp;width=500&amp;show_text=true&amp;height=691&amp;appId\" width=\"500\" height=\"691\" frameborder=\"0\" scrolling=\"no\"><\/iframe><\/p>\n<p style=\"text-align: justify;\">El tradicional evento que se llev\u00f3 a cabo a partir de las 20:00 horas y cont\u00f3 con una muy buena asistencia de p\u00fablico, cuya animaci\u00f3n estuvo a cargo de H\u00e9ctor Armando \u201cEl Huaso\u201d Barr\u00eda de la comuna de Hualqui, y en la parte musical estuvo liderada por los Grupos Folcl\u00f3ricos \u201cCantares de Yungay\u201d y \u201cMapuketr\u00e1n\u201d.<\/p>\n<p style=\"text-align: justify;\">Mencionar que el jurado estuvo compuesto por V\u00edctor Acu\u00f1a Flores de Tucapel, Nataly Gatica y Martin Valdez ambos de Yungay, quienes fueron los encargados de la dif\u00edcil misi\u00f3n de seleccionar a los ganadores de las diferentes categor\u00edas, qui\u00e9nes se hicieron acreedores de los premios que consist\u00edan en dinero en efectivo y diplomas, adem\u00e1s destacar que el evento estuvo organizado por la Red de Turismo de Yungay.<\/p>\n<p style=\"text-align: justify;\"><strong>\u00a0<\/strong><\/p>\n<p style=\"text-align: justify;\"><strong>Categor\u00eda Infantil<\/strong><\/p>\n<p style=\"text-align: justify;\">1\u00b0 Lugar: Paula Leiva\u00a0 y Martin Fern\u00e1ndez<\/p>\n<p style=\"text-align: justify;\">2\u00b0 Lugar: Emilia Canales y Marcelo Sald\u00eda<\/p>\n<p style=\"text-align: justify;\">3\u00b0 Lugar: Bel\u00e9n Zapata y Bel\u00e9n Avenda\u00f1o<\/p>\n<p style=\"text-align: justify;\"><strong>\u00a0<\/strong><\/p>\n<p style=\"text-align: justify;\"><strong>Categor\u00eda Adolecente<\/strong><\/p>\n<p style=\"text-align: justify;\">1\u00b0 Lugar: Dafne Ruiz y Thomas Rivas<\/p>\n<p style=\"text-align: justify;\">2\u00b0 Lugar: Ignacia Salazar y Maikol Ferrada<\/p>\n<p style=\"text-align: justify;\">3\u00b0 Lugar: Martina Riquelme y Eliu Leiva<\/p>\n<p style=\"text-align: justify;\"><strong>\u00a0<\/strong><\/p>\n<p style=\"text-align: justify;\"><strong>Categor\u00eda Juvenil<\/strong><\/p>\n<p style=\"text-align: justify;\">1\u00b0 Lugar: Constanza Mu\u00f1oz y Vicente V\u00e1squez<\/p>\n<p style=\"text-align: justify;\">2\u00b0 Lugar: Elizabeth Cris\u00f3stomo y Valent\u00edn Mariangel<\/p>\n<p style=\"text-align: justify;\">3\u00b0 Lugar: Yeraldi Reyes y Felipe Medina<\/p>\n<p style=\"text-align: justify;\"><strong>\u00a0<\/strong><\/p>\n<p style=\"text-align: justify;\"><strong>Categor\u00eda Adulto<\/strong><\/p>\n<p style=\"text-align: justify;\">1\u00b0 Lugar: Isidora G\u00f3mez y Amelia Contreras<\/p>\n<p style=\"text-align: justify;\">2\u00b0 Lugar: Meyly Sald\u00edas y Cristian Saldias<\/p>\n<p style=\"text-align: justify;\">3\u00b0 Lugar: Nataly Gallegos y Manuel Cris\u00f3stomo<\/p>\n<p style=\"text-align: justify;\">[su_button url=\u00bbhttps:\/\/www.facebook.com\/media\/set\/?set=a.2269416159740077&amp;type=1&amp;l=5bda60e2de\u00bb target=\u00bbblank\u00bb size=\u00bb7&#8243; radius=\u00bbround\u00bb icon=\u00bbicon: facebook-square\u00bb]FOTOGRAF\u00cdAS &#8211; Campeonato Comunal de Cueca \u201cLa Chabelita\u201d en Fiestas Patrias Yungay 2018[\/su_button]<\/p>\n","protected":false},"excerpt":{"rendered":"<p>Yungay, septiembre 2018: Como es tradicional en nuestra comuna el pasado martes 18 de septiembre se llev\u00f3 a cabo una nueva versi\u00f3n del Campeonato Comunal de Cueca \u201cLa Chabelita\u201d 2018, como parte de las&#46;&#46;&#46;<\/p>\n","protected":false},"author":2,"featured_media":19705,"comment_status":"closed","ping_status":"open","sticky":false,"template":"","format":"standard","meta":{"footnotes":""},"categories":[1],"tags":[1823,528,1115,1567,8,6],"class_list":["post-19704","post","type-post","status-publish","format-standard","has-post-thumbnail","hentry","category-noticias","tag-concurso-comunal-cueca","tag-fiestas-patrias","tag-noticias","tag-yunagyino-cl","tag-yungay","tag-yungayino"],"_links":{"self":[{"href":"https:\/\/www.yungayino.cl\/noticias\/index.php?rest_route=\/wp\/v2\/posts\/19704","targetHints":{"allow":["GET"]}}],"collection":[{"href":"https:\/\/www.yungayino.cl\/noticias\/index.php?rest_route=\/wp\/v2\/posts"}],"about":[{"href":"https:\/\/www.yungayino.cl\/noticias\/index.php?rest_route=\/wp\/v2\/types\/post"}],"author":[{"embeddable":true,"href":"https:\/\/www.yungayino.cl\/noticias\/index.php?rest_route=\/wp\/v2\/users\/2"}],"replies":[{"embeddable":true,"href":"https:\/\/www.yungayino.cl\/noticias\/index.php?rest_route=%2Fwp%2Fv2%2Fcomments&post=19704"}],"version-history":[{"count":1,"href":"https:\/\/www.yungayino.cl\/noticias\/index.php?rest_route=\/wp\/v2\/posts\/19704\/revisions"}],"predecessor-version":[{"id":19706,"href":"https:\/\/www.yungayino.cl\/noticias\/index.php?rest_route=\/wp\/v2\/posts\/19704\/revisions\/19706"}],"wp:featuredmedia":[{"embeddable":true,"href":"https:\/\/www.yungayino.cl\/noticias\/index.php?rest_route=\/wp\/v2\/media\/19705"}],"wp:attachment":[{"href":"https:\/\/www.yungayino.cl\/noticias\/index.php?rest_route=%2Fwp%2Fv2%2Fmedia&parent=19704"}],"wp:term":[{"taxonomy":"category","embeddable":true,"href":"https:\/\/www.yungayino.cl\/noticias\/index.php?rest_route=%2Fwp%2Fv2%2Fcategories&post=19704"},{"taxonomy":"post_tag","embeddable":true,"href":"https:\/\/www.yungayino.cl\/noticias\/index.php?rest_route=%2Fwp%2Fv2%2Ftags&post=19704"}],"curies":[{"name":"wp","href":"https:\/\/api.w.org\/{rel}","templated":true}]}}