{"id":19718,"date":"2018-09-25T12:00:11","date_gmt":"2018-09-25T15:00:11","guid":{"rendered":"http:\/\/www.yungayino.cl\/noticias\/?p=19718"},"modified":"2018-09-25T13:28:48","modified_gmt":"2018-09-25T16:28:48","slug":"primer-concurso-interregional-del-vino-en-coelemu","status":"publish","type":"post","link":"https:\/\/www.yungayino.cl\/noticias\/?p=19718","title":{"rendered":"Primer Concurso Interregional del Vino en Coelemu"},"content":{"rendered":"<p><img loading=\"lazy\" decoding=\"async\" class=\"alignnone size-full wp-image-19719\" src=\"http:\/\/www.yungayino.cl\/noticias\/wp-content\/uploads\/2018\/09\/concurso_vino_coelemu.jpg\" alt=\"\" width=\"700\" height=\"382\" srcset=\"https:\/\/www.yungayino.cl\/noticias\/wp-content\/uploads\/2018\/09\/concurso_vino_coelemu.jpg 700w, https:\/\/www.yungayino.cl\/noticias\/wp-content\/uploads\/2018\/09\/concurso_vino_coelemu-300x164.jpg 300w, https:\/\/www.yungayino.cl\/noticias\/wp-content\/uploads\/2018\/09\/concurso_vino_coelemu-275x150.jpg 275w\" sizes=\"auto, (max-width: 700px) 100vw, 700px\" \/><\/p>\n<p style=\"text-align: justify;\">Regional, Septiembre 2018: Como ya es tradici\u00f3n en la comuna de Coelemu, este 13 de octubre se realizar\u00e1 el Concurso de Vinos Coelemu 2018, la sorpresa para esta versi\u00f3n es que es el Primer Concurso Interregional de la comuna, donde adem\u00e1s se unen como participantes decenas de comunas provenientes de tres regiones (Maule, Biob\u00edo y \u00d1uble).<\/p>\n<p style=\"text-align: justify;\">Cepas \u00fanicas como Carignan, Cinsault, Moscatel de Alejandr\u00eda, Malbec, entre otros, provenientes de 15 comunas se encontrar\u00e1n en un solo lugar: Coelemu.<\/p>\n<p style=\"text-align: justify;\"><span style=\"font-style: inherit; font-weight: inherit;\">Demy Olmos, en\u00f3logo de la Municipalidad de Coelemu, manifest\u00f3 que para este encuentro que se realizar\u00e1 en la Plaza C\u00edvica de la comuna estar\u00e1n presentes m\u00e1s de 20 jurados nacionales e internacionales.<\/span><\/p>\n<p style=\"text-align: justify;\"><span style=\"font-style: inherit; font-weight: inherit;\">\u201cContaremos con m\u00e1s de 20 personas exponentes y profesionales, viajeros de todo el mundo que vendr\u00e1n a degustar y a evaluar estos mostos\u201d, afirm\u00f3 Olmos.<\/span><\/p>\n<p style=\"text-align: justify;\"><span style=\"font-style: inherit; font-weight: inherit;\">Periodistas, prensa escrita, radial y audiovisual, en\u00f3logos, sommeliers y expertos en vinos se reunir\u00e1n en un solo sentido: buscar y premiar a los mejores vinos concursantes en las distintas cepas participantes.<\/span><\/p>\n<p style=\"text-align: justify;\"><span style=\"font-style: inherit; font-weight: inherit;\">Las categor\u00edas a evaluar ser\u00e1n evaluadas durante el d\u00eda y los premios ser\u00e1n entregados durante la tarde del 13 de octubre.<\/span><\/p>\n<p style=\"text-align: justify;\"><span style=\"font-style: inherit; font-weight: inherit;\">La invitaci\u00f3n es para el s\u00e1bado 13 de octubre desde las 11 hrs en la Plaza C\u00edvica de la comuna de Coelemu.<\/span><\/p>\n<p><img loading=\"lazy\" decoding=\"async\" class=\"alignnone size-full wp-image-19720\" src=\"http:\/\/www.yungayino.cl\/noticias\/wp-content\/uploads\/2018\/09\/CONCURSO-VINO-COELEMU.jpeg\" alt=\"\" width=\"672\" height=\"1280\" srcset=\"https:\/\/www.yungayino.cl\/noticias\/wp-content\/uploads\/2018\/09\/CONCURSO-VINO-COELEMU.jpeg 672w, https:\/\/www.yungayino.cl\/noticias\/wp-content\/uploads\/2018\/09\/CONCURSO-VINO-COELEMU-158x300.jpeg 158w, https:\/\/www.yungayino.cl\/noticias\/wp-content\/uploads\/2018\/09\/CONCURSO-VINO-COELEMU-538x1024.jpeg 538w, https:\/\/www.yungayino.cl\/noticias\/wp-content\/uploads\/2018\/09\/CONCURSO-VINO-COELEMU-79x150.jpeg 79w\" sizes=\"auto, (max-width: 672px) 100vw, 672px\" \/><\/p>\n<p>&nbsp;<\/p>\n","protected":false},"excerpt":{"rendered":"<p>Regional, Septiembre 2018: Como ya es tradici\u00f3n en la comuna de Coelemu, este 13 de octubre se realizar\u00e1 el Concurso de Vinos Coelemu 2018, la sorpresa para esta versi\u00f3n es que es el Primer&#46;&#46;&#46;<\/p>\n","protected":false},"author":2,"featured_media":19719,"comment_status":"closed","ping_status":"open","sticky":false,"template":"","format":"standard","meta":{"footnotes":""},"categories":[1],"tags":[1825,1826,1115,8,6,117],"class_list":["post-19718","post","type-post","status-publish","format-standard","has-post-thumbnail","hentry","category-noticias","tag-coelemu","tag-concurso-interregional-del-vino","tag-noticias","tag-yungay","tag-yungayino","tag-yungayinocl"],"_links":{"self":[{"href":"https:\/\/www.yungayino.cl\/noticias\/index.php?rest_route=\/wp\/v2\/posts\/19718","targetHints":{"allow":["GET"]}}],"collection":[{"href":"https:\/\/www.yungayino.cl\/noticias\/index.php?rest_route=\/wp\/v2\/posts"}],"about":[{"href":"https:\/\/www.yungayino.cl\/noticias\/index.php?rest_route=\/wp\/v2\/types\/post"}],"author":[{"embeddable":true,"href":"https:\/\/www.yungayino.cl\/noticias\/index.php?rest_route=\/wp\/v2\/users\/2"}],"replies":[{"embeddable":true,"href":"https:\/\/www.yungayino.cl\/noticias\/index.php?rest_route=%2Fwp%2Fv2%2Fcomments&post=19718"}],"version-history":[{"count":1,"href":"https:\/\/www.yungayino.cl\/noticias\/index.php?rest_route=\/wp\/v2\/posts\/19718\/revisions"}],"predecessor-version":[{"id":19721,"href":"https:\/\/www.yungayino.cl\/noticias\/index.php?rest_route=\/wp\/v2\/posts\/19718\/revisions\/19721"}],"wp:featuredmedia":[{"embeddable":true,"href":"https:\/\/www.yungayino.cl\/noticias\/index.php?rest_route=\/wp\/v2\/media\/19719"}],"wp:attachment":[{"href":"https:\/\/www.yungayino.cl\/noticias\/index.php?rest_route=%2Fwp%2Fv2%2Fmedia&parent=19718"}],"wp:term":[{"taxonomy":"category","embeddable":true,"href":"https:\/\/www.yungayino.cl\/noticias\/index.php?rest_route=%2Fwp%2Fv2%2Fcategories&post=19718"},{"taxonomy":"post_tag","embeddable":true,"href":"https:\/\/www.yungayino.cl\/noticias\/index.php?rest_route=%2Fwp%2Fv2%2Ftags&post=19718"}],"curies":[{"name":"wp","href":"https:\/\/api.w.org\/{rel}","templated":true}]}}